{"id":2518,"date":"2025-10-07T09:56:32","date_gmt":"2025-10-07T08:56:32","guid":{"rendered":"https:\/\/www.radiomais.ao\/?p=2518"},"modified":"2025-10-07T09:56:32","modified_gmt":"2025-10-07T08:56:32","slug":"tribunal-constitucional-admite-recurso-da-pgr-sobre-o-caso-joaquim-sebastiao","status":"publish","type":"post","link":"https:\/\/www.radiomais.ao\/index.php\/2025\/10\/07\/tribunal-constitucional-admite-recurso-da-pgr-sobre-o-caso-joaquim-sebastiao\/","title":{"rendered":"Tribunal Constitucional admite recurso da PGR sobre o caso Joaquim Sebasti\u00e3o."},"content":{"rendered":"\n<p><strong>Segundo o Tribunal Constitucional, a informa\u00e7\u00e3o difundida nas \u00faltimas horas sobre uma alegada \u201csuspens\u00e3o\u201d da decis\u00e3o do Tribunal Supremo que determinava a devolu\u00e7\u00e3o dos bens de Joaquim Sebasti\u00e3o n\u00e3o corresponde \u00e0 realidade dos factos. O \u00f3rg\u00e3o esclarece que o que aconteceu \u00e9 que apenas admitiu o recurso interposto pela Procuradoria-Geral da Rep\u00fablica (PGR), n\u00e3o tendo ainda proferido qualquer decis\u00e3o de m\u00e9rito sobre o caso<\/strong>. <strong><em><a href=\"https:\/\/www.opais.ao\/politica\/tribunal-constitucional-admite-recurso-da-pgr-sobre-o-caso-joaquim-sebastiao\/\">Fonte Opa\u00eds<\/a><\/em><\/strong><\/p>\n","protected":false},"excerpt":{"rendered":"<p>Segundo o Tribunal Constitucional, a informa\u00e7\u00e3o difundida nas \u00faltimas horas sobre uma alegada \u201csuspens\u00e3o\u201d da decis\u00e3o do Tribunal Supremo que determinava a devolu\u00e7\u00e3o dos bens de Joaquim Sebasti\u00e3o n\u00e3o corresponde \u00e0 realidade dos factos. O \u00f3rg\u00e3o esclarece que o que aconteceu \u00e9 que apenas admitiu o recurso interposto pela Procuradoria-Geral da Rep\u00fablica (PGR), n\u00e3o tendo [&hellip;]<\/p>\n","protected":false},"author":3,"featured_media":2519,"comment_status":"open","ping_status":"open","sticky":false,"template":"","format":"standard","meta":{"footnotes":""},"categories":[16],"tags":[842,232,832],"class_list":["post-2518","post","type-post","status-publish","format-standard","has-post-thumbnail","hentry","category-actualidade","tag-caso-joawuim-sebastiao","tag-pgr","tag-tribunal-constitucional"],"blocksy_meta":[],"_links":{"self":[{"href":"https:\/\/www.radiomais.ao\/index.php\/wp-json\/wp\/v2\/posts\/2518","targetHints":{"allow":["GET"]}}],"collection":[{"href":"https:\/\/www.radiomais.ao\/index.php\/wp-json\/wp\/v2\/posts"}],"about":[{"href":"https:\/\/www.radiomais.ao\/index.php\/wp-json\/wp\/v2\/types\/post"}],"author":[{"embeddable":true,"href":"https:\/\/www.radiomais.ao\/index.php\/wp-json\/wp\/v2\/users\/3"}],"replies":[{"embeddable":true,"href":"https:\/\/www.radiomais.ao\/index.php\/wp-json\/wp\/v2\/comments?post=2518"}],"version-history":[{"count":1,"href":"https:\/\/www.radiomais.ao\/index.php\/wp-json\/wp\/v2\/posts\/2518\/revisions"}],"predecessor-version":[{"id":2520,"href":"https:\/\/www.radiomais.ao\/index.php\/wp-json\/wp\/v2\/posts\/2518\/revisions\/2520"}],"wp:featuredmedia":[{"embeddable":true,"href":"https:\/\/www.radiomais.ao\/index.php\/wp-json\/wp\/v2\/media\/2519"}],"wp:attachment":[{"href":"https:\/\/www.radiomais.ao\/index.php\/wp-json\/wp\/v2\/media?parent=2518"}],"wp:term":[{"taxonomy":"category","embeddable":true,"href":"https:\/\/www.radiomais.ao\/index.php\/wp-json\/wp\/v2\/categories?post=2518"},{"taxonomy":"post_tag","embeddable":true,"href":"https:\/\/www.radiomais.ao\/index.php\/wp-json\/wp\/v2\/tags?post=2518"}],"curies":[{"name":"wp","href":"https:\/\/api.w.org\/{rel}","templated":true}]}}