{"id":2521,"date":"2025-10-07T10:00:32","date_gmt":"2025-10-07T09:00:32","guid":{"rendered":"https:\/\/www.radiomais.ao\/?p=2521"},"modified":"2025-10-07T10:00:32","modified_gmt":"2025-10-07T09:00:32","slug":"agricultores-do-lepi-produzem-265-toneladas-de-batata-rena-com-apoio-da-campo-verde","status":"publish","type":"post","link":"https:\/\/www.radiomais.ao\/index.php\/2025\/10\/07\/agricultores-do-lepi-produzem-265-toneladas-de-batata-rena-com-apoio-da-campo-verde\/","title":{"rendered":"Agricultores do L\u00e9pi produzem 265 toneladas de batata-rena com apoio da Campo Verde."},"content":{"rendered":"\n<p><strong>Campo Verde \u00e9 um projecto de agricultura comercial sustent\u00e1vel, baseado no \u201cModelo Barter\u201d, que promove pr\u00e1ticas respons\u00e1veis, partilha de riscos, aumento da produ\u00e7\u00e3o nacional de alimentos e cria\u00e7\u00e3o de empregos dignos<\/strong>. Fonte <strong><em><a href=\"https:\/\/www.opais.ao\/economia\/agricultores-do-lepi-produzem-265-toneladas-de-batata-rena-com-apoio-da-campo-verde\/\">Opa\u00eds<\/a><\/em><\/strong><\/p>\n","protected":false},"excerpt":{"rendered":"<p>Campo Verde \u00e9 um projecto de agricultura comercial sustent\u00e1vel, baseado no \u201cModelo Barter\u201d, que promove pr\u00e1ticas respons\u00e1veis, partilha de riscos, aumento da produ\u00e7\u00e3o nacional de alimentos e cria\u00e7\u00e3o de empregos dignos. Fonte Opa\u00eds<\/p>\n","protected":false},"author":3,"featured_media":2522,"comment_status":"open","ping_status":"open","sticky":false,"template":"","format":"standard","meta":{"footnotes":""},"categories":[16],"tags":[843,844,845],"class_list":["post-2521","post","type-post","status-publish","format-standard","has-post-thumbnail","hentry","category-actualidade","tag-agricultores-2","tag-batata-rena","tag-lepi"],"blocksy_meta":[],"_links":{"self":[{"href":"https:\/\/www.radiomais.ao\/index.php\/wp-json\/wp\/v2\/posts\/2521","targetHints":{"allow":["GET"]}}],"collection":[{"href":"https:\/\/www.radiomais.ao\/index.php\/wp-json\/wp\/v2\/posts"}],"about":[{"href":"https:\/\/www.radiomais.ao\/index.php\/wp-json\/wp\/v2\/types\/post"}],"author":[{"embeddable":true,"href":"https:\/\/www.radiomais.ao\/index.php\/wp-json\/wp\/v2\/users\/3"}],"replies":[{"embeddable":true,"href":"https:\/\/www.radiomais.ao\/index.php\/wp-json\/wp\/v2\/comments?post=2521"}],"version-history":[{"count":1,"href":"https:\/\/www.radiomais.ao\/index.php\/wp-json\/wp\/v2\/posts\/2521\/revisions"}],"predecessor-version":[{"id":2523,"href":"https:\/\/www.radiomais.ao\/index.php\/wp-json\/wp\/v2\/posts\/2521\/revisions\/2523"}],"wp:featuredmedia":[{"embeddable":true,"href":"https:\/\/www.radiomais.ao\/index.php\/wp-json\/wp\/v2\/media\/2522"}],"wp:attachment":[{"href":"https:\/\/www.radiomais.ao\/index.php\/wp-json\/wp\/v2\/media?parent=2521"}],"wp:term":[{"taxonomy":"category","embeddable":true,"href":"https:\/\/www.radiomais.ao\/index.php\/wp-json\/wp\/v2\/categories?post=2521"},{"taxonomy":"post_tag","embeddable":true,"href":"https:\/\/www.radiomais.ao\/index.php\/wp-json\/wp\/v2\/tags?post=2521"}],"curies":[{"name":"wp","href":"https:\/\/api.w.org\/{rel}","templated":true}]}}