{"id":2530,"date":"2025-10-07T11:52:18","date_gmt":"2025-10-07T10:52:18","guid":{"rendered":"https:\/\/www.radiomais.ao\/?p=2530"},"modified":"2025-10-07T11:52:18","modified_gmt":"2025-10-07T10:52:18","slug":"mae-finge-ir-a-cantina-e-abandona-filha-especial-no-inac","status":"publish","type":"post","link":"https:\/\/www.radiomais.ao\/index.php\/2025\/10\/07\/mae-finge-ir-a-cantina-e-abandona-filha-especial-no-inac\/","title":{"rendered":"M\u00e3e finge ir \u00e0 cantina e abandona filha \u201cespecial\u201d no INAC."},"content":{"rendered":"\n<p><strong>O caso consta do \u00faltimo balan\u00e7o do Instituto Nacional da Crian\u00e7a (INAC), que faz refer\u00eancia aos crimes cometidos contra crian\u00e7as nos \u00faltimos sete dias, entre 27 de Setembro e 04 de Outubro<\/strong>. Fonte <strong><em><a href=\"https:\/\/www.opais.ao\/sociedade\/mae-finge-ir-a-cantina-e-abandona-filha-especial-no-inac\/\">Opa\u00eds<\/a><\/em><\/strong><\/p>\n","protected":false},"excerpt":{"rendered":"<p>O caso consta do \u00faltimo balan\u00e7o do Instituto Nacional da Crian\u00e7a (INAC), que faz refer\u00eancia aos crimes cometidos contra crian\u00e7as nos \u00faltimos sete dias, entre 27 de Setembro e 04 de Outubro. Fonte Opa\u00eds<\/p>\n","protected":false},"author":3,"featured_media":2531,"comment_status":"open","ping_status":"open","sticky":false,"template":"","format":"standard","meta":{"footnotes":""},"categories":[16],"tags":[850,851,365],"class_list":["post-2530","post","type-post","status-publish","format-standard","has-post-thumbnail","hentry","category-actualidade","tag-crianca-abandonada","tag-especial","tag-inac"],"blocksy_meta":[],"_links":{"self":[{"href":"https:\/\/www.radiomais.ao\/index.php\/wp-json\/wp\/v2\/posts\/2530","targetHints":{"allow":["GET"]}}],"collection":[{"href":"https:\/\/www.radiomais.ao\/index.php\/wp-json\/wp\/v2\/posts"}],"about":[{"href":"https:\/\/www.radiomais.ao\/index.php\/wp-json\/wp\/v2\/types\/post"}],"author":[{"embeddable":true,"href":"https:\/\/www.radiomais.ao\/index.php\/wp-json\/wp\/v2\/users\/3"}],"replies":[{"embeddable":true,"href":"https:\/\/www.radiomais.ao\/index.php\/wp-json\/wp\/v2\/comments?post=2530"}],"version-history":[{"count":1,"href":"https:\/\/www.radiomais.ao\/index.php\/wp-json\/wp\/v2\/posts\/2530\/revisions"}],"predecessor-version":[{"id":2532,"href":"https:\/\/www.radiomais.ao\/index.php\/wp-json\/wp\/v2\/posts\/2530\/revisions\/2532"}],"wp:featuredmedia":[{"embeddable":true,"href":"https:\/\/www.radiomais.ao\/index.php\/wp-json\/wp\/v2\/media\/2531"}],"wp:attachment":[{"href":"https:\/\/www.radiomais.ao\/index.php\/wp-json\/wp\/v2\/media?parent=2530"}],"wp:term":[{"taxonomy":"category","embeddable":true,"href":"https:\/\/www.radiomais.ao\/index.php\/wp-json\/wp\/v2\/categories?post=2530"},{"taxonomy":"post_tag","embeddable":true,"href":"https:\/\/www.radiomais.ao\/index.php\/wp-json\/wp\/v2\/tags?post=2530"}],"curies":[{"name":"wp","href":"https:\/\/api.w.org\/{rel}","templated":true}]}}