{"id":2533,"date":"2025-10-07T11:57:28","date_gmt":"2025-10-07T10:57:28","guid":{"rendered":"https:\/\/www.radiomais.ao\/?p=2533"},"modified":"2025-10-07T11:57:28","modified_gmt":"2025-10-07T10:57:28","slug":"kwenda-ii-lancado-no-bie-com-aposta-na-nutricao-das-criancas","status":"publish","type":"post","link":"https:\/\/www.radiomais.ao\/index.php\/2025\/10\/07\/kwenda-ii-lancado-no-bie-com-aposta-na-nutricao-das-criancas\/","title":{"rendered":"Kwenda II lan\u00e7ado no Bi\u00e9 com aposta na nutri\u00e7\u00e3o das crian\u00e7as."},"content":{"rendered":"\n<p><strong>A segunda fase do Programa de Fortalecimento da Protec\u00e7\u00e3o Social (Kwenda II) foi lan\u00e7ada ontem, no munic\u00edpio do Andulo, prov\u00edncia do Bi\u00e9, que visa consolidar os resultados alcan\u00e7ados na primeira etapa e introduzir novas ac\u00e7\u00f5es voltadas \u00e0 melhoria da nutri\u00e7\u00e3o infantil, promo\u00e7\u00e3o da higiene nas aldeias e sustentabilidade produtiva das fam\u00edlias benefici\u00e1rias<\/strong>. Fonte<strong><em><a href=\"https:\/\/www.opais.ao\/sociedade\/kwenda-ii-lancado-no-bie-com-aposta-na-nutricao-das-criancas\/\"> Opa\u00eds<\/a><\/em><\/strong><\/p>\n\n\n\n<p><\/p>\n","protected":false},"excerpt":{"rendered":"<p>A segunda fase do Programa de Fortalecimento da Protec\u00e7\u00e3o Social (Kwenda II) foi lan\u00e7ada ontem, no munic\u00edpio do Andulo, prov\u00edncia do Bi\u00e9, que visa consolidar os resultados alcan\u00e7ados na primeira etapa e introduzir novas ac\u00e7\u00f5es voltadas \u00e0 melhoria da nutri\u00e7\u00e3o infantil, promo\u00e7\u00e3o da higiene nas aldeias e sustentabilidade produtiva das fam\u00edlias benefici\u00e1rias. Fonte Opa\u00eds<\/p>\n","protected":false},"author":3,"featured_media":2534,"comment_status":"open","ping_status":"open","sticky":false,"template":"","format":"standard","meta":{"footnotes":""},"categories":[16],"tags":[83,852],"class_list":["post-2533","post","type-post","status-publish","format-standard","has-post-thumbnail","hentry","category-actualidade","tag-bie","tag-kwenda2"],"blocksy_meta":[],"_links":{"self":[{"href":"https:\/\/www.radiomais.ao\/index.php\/wp-json\/wp\/v2\/posts\/2533","targetHints":{"allow":["GET"]}}],"collection":[{"href":"https:\/\/www.radiomais.ao\/index.php\/wp-json\/wp\/v2\/posts"}],"about":[{"href":"https:\/\/www.radiomais.ao\/index.php\/wp-json\/wp\/v2\/types\/post"}],"author":[{"embeddable":true,"href":"https:\/\/www.radiomais.ao\/index.php\/wp-json\/wp\/v2\/users\/3"}],"replies":[{"embeddable":true,"href":"https:\/\/www.radiomais.ao\/index.php\/wp-json\/wp\/v2\/comments?post=2533"}],"version-history":[{"count":1,"href":"https:\/\/www.radiomais.ao\/index.php\/wp-json\/wp\/v2\/posts\/2533\/revisions"}],"predecessor-version":[{"id":2535,"href":"https:\/\/www.radiomais.ao\/index.php\/wp-json\/wp\/v2\/posts\/2533\/revisions\/2535"}],"wp:featuredmedia":[{"embeddable":true,"href":"https:\/\/www.radiomais.ao\/index.php\/wp-json\/wp\/v2\/media\/2534"}],"wp:attachment":[{"href":"https:\/\/www.radiomais.ao\/index.php\/wp-json\/wp\/v2\/media?parent=2533"}],"wp:term":[{"taxonomy":"category","embeddable":true,"href":"https:\/\/www.radiomais.ao\/index.php\/wp-json\/wp\/v2\/categories?post=2533"},{"taxonomy":"post_tag","embeddable":true,"href":"https:\/\/www.radiomais.ao\/index.php\/wp-json\/wp\/v2\/tags?post=2533"}],"curies":[{"name":"wp","href":"https:\/\/api.w.org\/{rel}","templated":true}]}}