{"id":2536,"date":"2025-10-07T12:03:17","date_gmt":"2025-10-07T11:03:17","guid":{"rendered":"https:\/\/www.radiomais.ao\/?p=2536"},"modified":"2025-10-07T12:03:17","modified_gmt":"2025-10-07T11:03:17","slug":"exposicao-ecos-da-infancia-e-inaugurada-amanha-na-galeria-tamar-golan","status":"publish","type":"post","link":"https:\/\/www.radiomais.ao\/index.php\/2025\/10\/07\/exposicao-ecos-da-infancia-e-inaugurada-amanha-na-galeria-tamar-golan\/","title":{"rendered":"Exposi\u00e7\u00e3o \u201cEcos da Inf\u00e2ncia\u201d \u00e9 inaugurada amanh\u00e3 na Galeria Tamar Golan."},"content":{"rendered":"\n<p><strong>A Galeria Tamar Golan, na Funda\u00e7\u00e3o Arte e Cultura, em Luanda, acolhe amanh\u00e3, 08, a partir das 19 horas, a inaugura\u00e7\u00e3o da exposi\u00e7\u00e3o \u201cEcos da Inf\u00e2ncia\u201d, uma obra individual do artista pl\u00e1stico Alex Machado<\/strong>. Fonte <strong><em><a href=\"https:\/\/www.opais.ao\/cultura\/exposicao-ecos-da-infancia-e-inaugurada-amanha-na-galeria-tamar-golan\/\">Opa\u00eds<\/a><\/em><\/strong><\/p>\n","protected":false},"excerpt":{"rendered":"<p>A Galeria Tamar Golan, na Funda\u00e7\u00e3o Arte e Cultura, em Luanda, acolhe amanh\u00e3, 08, a partir das 19 horas, a inaugura\u00e7\u00e3o da exposi\u00e7\u00e3o \u201cEcos da Inf\u00e2ncia\u201d, uma obra individual do artista pl\u00e1stico Alex Machado. Fonte Opa\u00eds<\/p>\n","protected":false},"author":3,"featured_media":2537,"comment_status":"open","ping_status":"open","sticky":false,"template":"","format":"standard","meta":{"footnotes":""},"categories":[16],"tags":[296,261,853],"class_list":["post-2536","post","type-post","status-publish","format-standard","has-post-thumbnail","hentry","category-actualidade","tag-cultura","tag-exposicao","tag-galeria-tamar"],"blocksy_meta":[],"_links":{"self":[{"href":"https:\/\/www.radiomais.ao\/index.php\/wp-json\/wp\/v2\/posts\/2536","targetHints":{"allow":["GET"]}}],"collection":[{"href":"https:\/\/www.radiomais.ao\/index.php\/wp-json\/wp\/v2\/posts"}],"about":[{"href":"https:\/\/www.radiomais.ao\/index.php\/wp-json\/wp\/v2\/types\/post"}],"author":[{"embeddable":true,"href":"https:\/\/www.radiomais.ao\/index.php\/wp-json\/wp\/v2\/users\/3"}],"replies":[{"embeddable":true,"href":"https:\/\/www.radiomais.ao\/index.php\/wp-json\/wp\/v2\/comments?post=2536"}],"version-history":[{"count":1,"href":"https:\/\/www.radiomais.ao\/index.php\/wp-json\/wp\/v2\/posts\/2536\/revisions"}],"predecessor-version":[{"id":2538,"href":"https:\/\/www.radiomais.ao\/index.php\/wp-json\/wp\/v2\/posts\/2536\/revisions\/2538"}],"wp:featuredmedia":[{"embeddable":true,"href":"https:\/\/www.radiomais.ao\/index.php\/wp-json\/wp\/v2\/media\/2537"}],"wp:attachment":[{"href":"https:\/\/www.radiomais.ao\/index.php\/wp-json\/wp\/v2\/media?parent=2536"}],"wp:term":[{"taxonomy":"category","embeddable":true,"href":"https:\/\/www.radiomais.ao\/index.php\/wp-json\/wp\/v2\/categories?post=2536"},{"taxonomy":"post_tag","embeddable":true,"href":"https:\/\/www.radiomais.ao\/index.php\/wp-json\/wp\/v2\/tags?post=2536"}],"curies":[{"name":"wp","href":"https:\/\/api.w.org\/{rel}","templated":true}]}}