{"id":2545,"date":"2025-10-07T12:17:36","date_gmt":"2025-10-07T11:17:36","guid":{"rendered":"https:\/\/www.radiomais.ao\/?p=2545"},"modified":"2025-10-07T12:17:36","modified_gmt":"2025-10-07T11:17:36","slug":"trump-confirma-ataque-a-navio-nas-caraibas","status":"publish","type":"post","link":"https:\/\/www.radiomais.ao\/index.php\/2025\/10\/07\/trump-confirma-ataque-a-navio-nas-caraibas\/","title":{"rendered":"Trump confirma ataque a navio nas Cara\u00edbas."},"content":{"rendered":"\n<p><strong>Os Estados Unidos realizaram outro ataque contra uma embarca\u00e7\u00e3o que se deslocava nas Cara\u00edbas, confirmou o Presidente norte-americano, Donald Trump, sugerindo que Washington pode em breve transferir as opera\u00e7\u00f5es anti-droga do mar para terra, segundo a Lusa<\/strong>. Fonte<strong><em><a href=\"https:\/\/www.opais.ao\/mundo\/trump-confirma-ataque-a-navio-nas-caraibas\/\"> Opa\u00eds<\/a><\/em><\/strong><\/p>\n","protected":false},"excerpt":{"rendered":"<p>Os Estados Unidos realizaram outro ataque contra uma embarca\u00e7\u00e3o que se deslocava nas Cara\u00edbas, confirmou o Presidente norte-americano, Donald Trump, sugerindo que Washington pode em breve transferir as opera\u00e7\u00f5es anti-droga do mar para terra, segundo a Lusa. Fonte Opa\u00eds<\/p>\n","protected":false},"author":3,"featured_media":2546,"comment_status":"open","ping_status":"open","sticky":false,"template":"","format":"standard","meta":{"footnotes":""},"categories":[16],"tags":[860,861,859],"class_list":["post-2545","post","type-post","status-publish","format-standard","has-post-thumbnail","hentry","category-actualidade","tag-ataque","tag-caraibas","tag-trump"],"blocksy_meta":[],"_links":{"self":[{"href":"https:\/\/www.radiomais.ao\/index.php\/wp-json\/wp\/v2\/posts\/2545","targetHints":{"allow":["GET"]}}],"collection":[{"href":"https:\/\/www.radiomais.ao\/index.php\/wp-json\/wp\/v2\/posts"}],"about":[{"href":"https:\/\/www.radiomais.ao\/index.php\/wp-json\/wp\/v2\/types\/post"}],"author":[{"embeddable":true,"href":"https:\/\/www.radiomais.ao\/index.php\/wp-json\/wp\/v2\/users\/3"}],"replies":[{"embeddable":true,"href":"https:\/\/www.radiomais.ao\/index.php\/wp-json\/wp\/v2\/comments?post=2545"}],"version-history":[{"count":1,"href":"https:\/\/www.radiomais.ao\/index.php\/wp-json\/wp\/v2\/posts\/2545\/revisions"}],"predecessor-version":[{"id":2547,"href":"https:\/\/www.radiomais.ao\/index.php\/wp-json\/wp\/v2\/posts\/2545\/revisions\/2547"}],"wp:featuredmedia":[{"embeddable":true,"href":"https:\/\/www.radiomais.ao\/index.php\/wp-json\/wp\/v2\/media\/2546"}],"wp:attachment":[{"href":"https:\/\/www.radiomais.ao\/index.php\/wp-json\/wp\/v2\/media?parent=2545"}],"wp:term":[{"taxonomy":"category","embeddable":true,"href":"https:\/\/www.radiomais.ao\/index.php\/wp-json\/wp\/v2\/categories?post=2545"},{"taxonomy":"post_tag","embeddable":true,"href":"https:\/\/www.radiomais.ao\/index.php\/wp-json\/wp\/v2\/tags?post=2545"}],"curies":[{"name":"wp","href":"https:\/\/api.w.org\/{rel}","templated":true}]}}