{"id":2555,"date":"2025-10-08T15:07:22","date_gmt":"2025-10-08T14:07:22","guid":{"rendered":"https:\/\/www.radiomais.ao\/?p=2555"},"modified":"2025-10-08T15:07:22","modified_gmt":"2025-10-08T14:07:22","slug":"comandante-em-chefe-distingue-mais-de-300-militares-pelos-servicos-prestados-a-nacao","status":"publish","type":"post","link":"https:\/\/www.radiomais.ao\/index.php\/2025\/10\/08\/comandante-em-chefe-distingue-mais-de-300-militares-pelos-servicos-prestados-a-nacao\/","title":{"rendered":"Comandante-Em-Chefe distingue mais de 300 militares pelos servi\u00e7os prestados \u00e0 Na\u00e7\u00e3o."},"content":{"rendered":"\n<p><strong>O Comandante-Em-Chefe das For\u00e7as Armadas Angolanas (FAA), Jo\u00e3o Louren\u00e7o, presidiu, ontem, no Hotel Intercontinental, em Luanda, \u00e0 segunda cerim\u00f3nia de condecora\u00e7\u00f5es do subsistema militar. O evento, inserido nas celebra\u00e7\u00f5es dos 50 anos da Independ\u00eancia Nacional, visou distinguir 383 militares pela bravura, entrega e servi\u00e7os relevantes prestados \u00e0 P\u00e1tria<\/strong>. Fonte <strong><em><a href=\"https:\/\/www.opais.ao\/politica\/comandante-em-chefe-distingue-mais-de-300-militares-pelos-servicos-prestados-a-nacao\/\">Opa\u00eds.<\/a><\/em><\/strong><\/p>\n","protected":false},"excerpt":{"rendered":"<p>O Comandante-Em-Chefe das For\u00e7as Armadas Angolanas (FAA), Jo\u00e3o Louren\u00e7o, presidiu, ontem, no Hotel Intercontinental, em Luanda, \u00e0 segunda cerim\u00f3nia de condecora\u00e7\u00f5es do subsistema militar. O evento, inserido nas celebra\u00e7\u00f5es dos 50 anos da Independ\u00eancia Nacional, visou distinguir 383 militares pela bravura, entrega e servi\u00e7os relevantes prestados \u00e0 P\u00e1tria. Fonte Opa\u00eds.<\/p>\n","protected":false},"author":3,"featured_media":2556,"comment_status":"open","ping_status":"open","sticky":false,"template":"","format":"standard","meta":{"footnotes":""},"categories":[16],"tags":[866],"class_list":["post-2555","post","type-post","status-publish","format-standard","has-post-thumbnail","hentry","category-actualidade","tag-pr-distingue-militares"],"blocksy_meta":[],"_links":{"self":[{"href":"https:\/\/www.radiomais.ao\/index.php\/wp-json\/wp\/v2\/posts\/2555","targetHints":{"allow":["GET"]}}],"collection":[{"href":"https:\/\/www.radiomais.ao\/index.php\/wp-json\/wp\/v2\/posts"}],"about":[{"href":"https:\/\/www.radiomais.ao\/index.php\/wp-json\/wp\/v2\/types\/post"}],"author":[{"embeddable":true,"href":"https:\/\/www.radiomais.ao\/index.php\/wp-json\/wp\/v2\/users\/3"}],"replies":[{"embeddable":true,"href":"https:\/\/www.radiomais.ao\/index.php\/wp-json\/wp\/v2\/comments?post=2555"}],"version-history":[{"count":1,"href":"https:\/\/www.radiomais.ao\/index.php\/wp-json\/wp\/v2\/posts\/2555\/revisions"}],"predecessor-version":[{"id":2557,"href":"https:\/\/www.radiomais.ao\/index.php\/wp-json\/wp\/v2\/posts\/2555\/revisions\/2557"}],"wp:featuredmedia":[{"embeddable":true,"href":"https:\/\/www.radiomais.ao\/index.php\/wp-json\/wp\/v2\/media\/2556"}],"wp:attachment":[{"href":"https:\/\/www.radiomais.ao\/index.php\/wp-json\/wp\/v2\/media?parent=2555"}],"wp:term":[{"taxonomy":"category","embeddable":true,"href":"https:\/\/www.radiomais.ao\/index.php\/wp-json\/wp\/v2\/categories?post=2555"},{"taxonomy":"post_tag","embeddable":true,"href":"https:\/\/www.radiomais.ao\/index.php\/wp-json\/wp\/v2\/tags?post=2555"}],"curies":[{"name":"wp","href":"https:\/\/api.w.org\/{rel}","templated":true}]}}