{"id":2561,"date":"2025-10-08T15:17:27","date_gmt":"2025-10-08T14:17:27","guid":{"rendered":"https:\/\/www.radiomais.ao\/?p=2561"},"modified":"2025-10-08T15:17:27","modified_gmt":"2025-10-08T14:17:27","slug":"tete-antonio-ja-em-bruxelas-para-participar-na-2a-edicao-do-forum-global-gateway","status":"publish","type":"post","link":"https:\/\/www.radiomais.ao\/index.php\/2025\/10\/08\/tete-antonio-ja-em-bruxelas-para-participar-na-2a-edicao-do-forum-global-gateway\/","title":{"rendered":"T\u00e9te Ant\u00f3nio j\u00e1 em Bruxelas para participar na 2\u00aa edi\u00e7\u00e3o do F\u00f3rum Global Gateway."},"content":{"rendered":"\n<p>O ministro das Rela\u00e7\u00f5es Exteriores, T\u00e9te Ant\u00f3nio, chegou na manh\u00e3 desta quarta-feira, 8, \u00e0 cidade de Bruxelas, B\u00e9lgica, para participar nos dias de hoje e amanh\u00e3, na 2\u00aa edi\u00e7\u00e3o do F\u00f3rum Global Gateway. Fonte <strong><em><a href=\"https:\/\/www.opais.ao\/politica\/tete-antonio-ja-em-bruxelas-para-participar-na-2a-edicao-do-forum-global-gateway\/\">Opa\u00eds<\/a><\/em><\/strong><\/p>\n","protected":false},"excerpt":{"rendered":"<p>O ministro das Rela\u00e7\u00f5es Exteriores, T\u00e9te Ant\u00f3nio, chegou na manh\u00e3 desta quarta-feira, 8, \u00e0 cidade de Bruxelas, B\u00e9lgica, para participar nos dias de hoje e amanh\u00e3, na 2\u00aa edi\u00e7\u00e3o do F\u00f3rum Global Gateway. Fonte Opa\u00eds<\/p>\n","protected":false},"author":3,"featured_media":2562,"comment_status":"open","ping_status":"open","sticky":false,"template":"","format":"standard","meta":{"footnotes":""},"categories":[16],"tags":[869,870,765],"class_list":["post-2561","post","type-post","status-publish","format-standard","has-post-thumbnail","hentry","category-actualidade","tag-bruxelas","tag-forum-global-gateway","tag-tete-antonio"],"blocksy_meta":[],"_links":{"self":[{"href":"https:\/\/www.radiomais.ao\/index.php\/wp-json\/wp\/v2\/posts\/2561","targetHints":{"allow":["GET"]}}],"collection":[{"href":"https:\/\/www.radiomais.ao\/index.php\/wp-json\/wp\/v2\/posts"}],"about":[{"href":"https:\/\/www.radiomais.ao\/index.php\/wp-json\/wp\/v2\/types\/post"}],"author":[{"embeddable":true,"href":"https:\/\/www.radiomais.ao\/index.php\/wp-json\/wp\/v2\/users\/3"}],"replies":[{"embeddable":true,"href":"https:\/\/www.radiomais.ao\/index.php\/wp-json\/wp\/v2\/comments?post=2561"}],"version-history":[{"count":1,"href":"https:\/\/www.radiomais.ao\/index.php\/wp-json\/wp\/v2\/posts\/2561\/revisions"}],"predecessor-version":[{"id":2563,"href":"https:\/\/www.radiomais.ao\/index.php\/wp-json\/wp\/v2\/posts\/2561\/revisions\/2563"}],"wp:featuredmedia":[{"embeddable":true,"href":"https:\/\/www.radiomais.ao\/index.php\/wp-json\/wp\/v2\/media\/2562"}],"wp:attachment":[{"href":"https:\/\/www.radiomais.ao\/index.php\/wp-json\/wp\/v2\/media?parent=2561"}],"wp:term":[{"taxonomy":"category","embeddable":true,"href":"https:\/\/www.radiomais.ao\/index.php\/wp-json\/wp\/v2\/categories?post=2561"},{"taxonomy":"post_tag","embeddable":true,"href":"https:\/\/www.radiomais.ao\/index.php\/wp-json\/wp\/v2\/tags?post=2561"}],"curies":[{"name":"wp","href":"https:\/\/api.w.org\/{rel}","templated":true}]}}