{"id":2564,"date":"2025-10-08T15:28:58","date_gmt":"2025-10-08T14:28:58","guid":{"rendered":"https:\/\/www.radiomais.ao\/?p=2564"},"modified":"2025-10-08T15:28:58","modified_gmt":"2025-10-08T14:28:58","slug":"angola-preparada-para-atrair-investimentos-em-infra-estruturas-energeticas-e-logisticas","status":"publish","type":"post","link":"https:\/\/www.radiomais.ao\/index.php\/2025\/10\/08\/angola-preparada-para-atrair-investimentos-em-infra-estruturas-energeticas-e-logisticas\/","title":{"rendered":"Angola preparada para atrair investimentos em infra-estruturas energ\u00e9ticas e log\u00edsticas."},"content":{"rendered":"\n<p><strong>Angola apostou fortemente em investimentos em infra-estruturas com o alcance da paz, em que se pode destacar o sector energ\u00e9tico e agora a reactiva\u00e7\u00e3o do Corredor do Lobito, segundo participantes da mesa-redonda realizada nesta ter\u00e7a-feira, 7, em Luanda, pela CMS \u00c1frica Lus\u00f3fona<\/strong>. Fonte <strong><em><a href=\"https:\/\/www.opais.ao\/economia\/angola-preparada-para-atrair-investimentos-em-infra-estruturas-energeticas-e-logisticas\/\">Opa\u00eds<\/a><\/em><\/strong><\/p>\n","protected":false},"excerpt":{"rendered":"<p>Angola apostou fortemente em investimentos em infra-estruturas com o alcance da paz, em que se pode destacar o sector energ\u00e9tico e agora a reactiva\u00e7\u00e3o do Corredor do Lobito, segundo participantes da mesa-redonda realizada nesta ter\u00e7a-feira, 7, em Luanda, pela CMS \u00c1frica Lus\u00f3fona. Fonte Opa\u00eds<\/p>\n","protected":false},"author":3,"featured_media":2565,"comment_status":"open","ping_status":"open","sticky":false,"template":"","format":"standard","meta":{"footnotes":""},"categories":[16],"tags":[871,872],"class_list":["post-2564","post","type-post","status-publish","format-standard","has-post-thumbnail","hentry","category-actualidade","tag-angola-preparada","tag-infra-estruturas"],"blocksy_meta":[],"_links":{"self":[{"href":"https:\/\/www.radiomais.ao\/index.php\/wp-json\/wp\/v2\/posts\/2564","targetHints":{"allow":["GET"]}}],"collection":[{"href":"https:\/\/www.radiomais.ao\/index.php\/wp-json\/wp\/v2\/posts"}],"about":[{"href":"https:\/\/www.radiomais.ao\/index.php\/wp-json\/wp\/v2\/types\/post"}],"author":[{"embeddable":true,"href":"https:\/\/www.radiomais.ao\/index.php\/wp-json\/wp\/v2\/users\/3"}],"replies":[{"embeddable":true,"href":"https:\/\/www.radiomais.ao\/index.php\/wp-json\/wp\/v2\/comments?post=2564"}],"version-history":[{"count":1,"href":"https:\/\/www.radiomais.ao\/index.php\/wp-json\/wp\/v2\/posts\/2564\/revisions"}],"predecessor-version":[{"id":2566,"href":"https:\/\/www.radiomais.ao\/index.php\/wp-json\/wp\/v2\/posts\/2564\/revisions\/2566"}],"wp:featuredmedia":[{"embeddable":true,"href":"https:\/\/www.radiomais.ao\/index.php\/wp-json\/wp\/v2\/media\/2565"}],"wp:attachment":[{"href":"https:\/\/www.radiomais.ao\/index.php\/wp-json\/wp\/v2\/media?parent=2564"}],"wp:term":[{"taxonomy":"category","embeddable":true,"href":"https:\/\/www.radiomais.ao\/index.php\/wp-json\/wp\/v2\/categories?post=2564"},{"taxonomy":"post_tag","embeddable":true,"href":"https:\/\/www.radiomais.ao\/index.php\/wp-json\/wp\/v2\/tags?post=2564"}],"curies":[{"name":"wp","href":"https:\/\/api.w.org\/{rel}","templated":true}]}}