{"id":2567,"date":"2025-10-08T15:39:31","date_gmt":"2025-10-08T14:39:31","guid":{"rendered":"https:\/\/www.radiomais.ao\/?p=2567"},"modified":"2025-10-08T15:39:31","modified_gmt":"2025-10-08T14:39:31","slug":"policia-nacional-no-bie-investiga-vandalismo-e-morte-apos-accao-no-mercado-tchissindo","status":"publish","type":"post","link":"https:\/\/www.radiomais.ao\/index.php\/2025\/10\/08\/policia-nacional-no-bie-investiga-vandalismo-e-morte-apos-accao-no-mercado-tchissindo\/","title":{"rendered":"Pol\u00edcia Nacional no Bi\u00e9 investiga vandalismo e morte ap\u00f3s ac\u00e7\u00e3o no mercado Tchissindo."},"content":{"rendered":"\n<p>O Comando Provincial da Pol\u00edcia Nacional de Angola (PNA) no Bi\u00e9 confirmou a abertura de um inqu\u00e9rito para apurar as circunst\u00e2ncias da morte de um cidad\u00e3o e os actos de vandalismo que se seguiram nesta ter\u00e7a-feira, 7 de Outubro, nos arredores do mercado do Tchissindo, munic\u00edpio do Cuito. Fonte<strong><em><a href=\"https:\/\/www.opais.ao\/sociedade\/policia-nacional-no-bie-investiga-vandalismo-e-morte-apos-accao-no-mercado-tchissindo\/\"> Opa\u00eds<\/a><\/em><\/strong><\/p>\n","protected":false},"excerpt":{"rendered":"<p>O Comando Provincial da Pol\u00edcia Nacional de Angola (PNA) no Bi\u00e9 confirmou a abertura de um inqu\u00e9rito para apurar as circunst\u00e2ncias da morte de um cidad\u00e3o e os actos de vandalismo que se seguiram nesta ter\u00e7a-feira, 7 de Outubro, nos arredores do mercado do Tchissindo, munic\u00edpio do Cuito. Fonte Opa\u00eds<\/p>\n","protected":false},"author":3,"featured_media":2568,"comment_status":"open","ping_status":"open","sticky":false,"template":"","format":"standard","meta":{"footnotes":""},"categories":[16],"tags":[83,873],"class_list":["post-2567","post","type-post","status-publish","format-standard","has-post-thumbnail","hentry","category-actualidade","tag-bie","tag-vandalismo"],"blocksy_meta":[],"_links":{"self":[{"href":"https:\/\/www.radiomais.ao\/index.php\/wp-json\/wp\/v2\/posts\/2567","targetHints":{"allow":["GET"]}}],"collection":[{"href":"https:\/\/www.radiomais.ao\/index.php\/wp-json\/wp\/v2\/posts"}],"about":[{"href":"https:\/\/www.radiomais.ao\/index.php\/wp-json\/wp\/v2\/types\/post"}],"author":[{"embeddable":true,"href":"https:\/\/www.radiomais.ao\/index.php\/wp-json\/wp\/v2\/users\/3"}],"replies":[{"embeddable":true,"href":"https:\/\/www.radiomais.ao\/index.php\/wp-json\/wp\/v2\/comments?post=2567"}],"version-history":[{"count":1,"href":"https:\/\/www.radiomais.ao\/index.php\/wp-json\/wp\/v2\/posts\/2567\/revisions"}],"predecessor-version":[{"id":2569,"href":"https:\/\/www.radiomais.ao\/index.php\/wp-json\/wp\/v2\/posts\/2567\/revisions\/2569"}],"wp:featuredmedia":[{"embeddable":true,"href":"https:\/\/www.radiomais.ao\/index.php\/wp-json\/wp\/v2\/media\/2568"}],"wp:attachment":[{"href":"https:\/\/www.radiomais.ao\/index.php\/wp-json\/wp\/v2\/media?parent=2567"}],"wp:term":[{"taxonomy":"category","embeddable":true,"href":"https:\/\/www.radiomais.ao\/index.php\/wp-json\/wp\/v2\/categories?post=2567"},{"taxonomy":"post_tag","embeddable":true,"href":"https:\/\/www.radiomais.ao\/index.php\/wp-json\/wp\/v2\/tags?post=2567"}],"curies":[{"name":"wp","href":"https:\/\/api.w.org\/{rel}","templated":true}]}}