{"id":2578,"date":"2025-10-09T09:55:45","date_gmt":"2025-10-09T08:55:45","guid":{"rendered":"https:\/\/www.radiomais.ao\/?p=2578"},"modified":"2025-10-09T09:55:45","modified_gmt":"2025-10-09T08:55:45","slug":"presidente-da-republica-intervem-hoje-no-forum-global-gateway-em-bruxelas","status":"publish","type":"post","link":"https:\/\/www.radiomais.ao\/index.php\/2025\/10\/09\/presidente-da-republica-intervem-hoje-no-forum-global-gateway-em-bruxelas\/","title":{"rendered":"Presidente da Rep\u00fablica interv\u00e9m hoje no F\u00f3rum Global Gateway em Bruxelas."},"content":{"rendered":"\n<p><strong>O Presidente da Rep\u00fablica e da Uni\u00e3o Africana, Jo\u00e3o Louren\u00e7o, encontra-se em Bruxelas, B\u00e9lgica, para participar na segunda edi\u00e7\u00e3o do F\u00f3rum Global Gateway, que inicia esta quinta-feira<\/strong>. Fonte <strong><em><a href=\"https:\/\/www.opais.ao\/politica\/presidente-da-republica-intervem-hoje-no-forum-global-gateway-em-bruxelas\/\">Opa\u00eds<\/a><\/em><\/strong><\/p>\n","protected":false},"excerpt":{"rendered":"<p>O Presidente da Rep\u00fablica e da Uni\u00e3o Africana, Jo\u00e3o Louren\u00e7o, encontra-se em Bruxelas, B\u00e9lgica, para participar na segunda edi\u00e7\u00e3o do F\u00f3rum Global Gateway, que inicia esta quinta-feira. Fonte Opa\u00eds<\/p>\n","protected":false},"author":3,"featured_media":2579,"comment_status":"open","ping_status":"open","sticky":false,"template":"","format":"standard","meta":{"footnotes":""},"categories":[16],"tags":[879],"class_list":["post-2578","post","type-post","status-publish","format-standard","has-post-thumbnail","hentry","category-actualidade","tag-presidente-da-republica-intervem-hoje-no-forum-global-gateway"],"blocksy_meta":[],"_links":{"self":[{"href":"https:\/\/www.radiomais.ao\/index.php\/wp-json\/wp\/v2\/posts\/2578","targetHints":{"allow":["GET"]}}],"collection":[{"href":"https:\/\/www.radiomais.ao\/index.php\/wp-json\/wp\/v2\/posts"}],"about":[{"href":"https:\/\/www.radiomais.ao\/index.php\/wp-json\/wp\/v2\/types\/post"}],"author":[{"embeddable":true,"href":"https:\/\/www.radiomais.ao\/index.php\/wp-json\/wp\/v2\/users\/3"}],"replies":[{"embeddable":true,"href":"https:\/\/www.radiomais.ao\/index.php\/wp-json\/wp\/v2\/comments?post=2578"}],"version-history":[{"count":1,"href":"https:\/\/www.radiomais.ao\/index.php\/wp-json\/wp\/v2\/posts\/2578\/revisions"}],"predecessor-version":[{"id":2580,"href":"https:\/\/www.radiomais.ao\/index.php\/wp-json\/wp\/v2\/posts\/2578\/revisions\/2580"}],"wp:featuredmedia":[{"embeddable":true,"href":"https:\/\/www.radiomais.ao\/index.php\/wp-json\/wp\/v2\/media\/2579"}],"wp:attachment":[{"href":"https:\/\/www.radiomais.ao\/index.php\/wp-json\/wp\/v2\/media?parent=2578"}],"wp:term":[{"taxonomy":"category","embeddable":true,"href":"https:\/\/www.radiomais.ao\/index.php\/wp-json\/wp\/v2\/categories?post=2578"},{"taxonomy":"post_tag","embeddable":true,"href":"https:\/\/www.radiomais.ao\/index.php\/wp-json\/wp\/v2\/tags?post=2578"}],"curies":[{"name":"wp","href":"https:\/\/api.w.org\/{rel}","templated":true}]}}