{"id":2581,"date":"2025-10-09T10:01:48","date_gmt":"2025-10-09T09:01:48","guid":{"rendered":"https:\/\/www.radiomais.ao\/?p=2581"},"modified":"2025-10-09T10:01:48","modified_gmt":"2025-10-09T09:01:48","slug":"1-o-dia-de-apresentacao-de-candidatura-a-presidencia-da-unita-sem-registo-oficial-de-intencao","status":"publish","type":"post","link":"https:\/\/www.radiomais.ao\/index.php\/2025\/10\/09\/1-o-dia-de-apresentacao-de-candidatura-a-presidencia-da-unita-sem-registo-oficial-de-intencao\/","title":{"rendered":"1.\u00ba dia de apresenta\u00e7\u00e3o de candidatura \u00e0 presid\u00eancia da UNITA sem registo oficial de inten\u00e7\u00e3o."},"content":{"rendered":"\n<p><strong>A Comiss\u00e3o organizadora do XIV Congresso Ordin\u00e1rio da UNITA, respons\u00e1vel pela realiza\u00e7\u00e3o e avalia\u00e7\u00e3o dos processos de candidaturas ao cargo de presidente do partido, abriu oficialmente o processo de recep\u00e7\u00e3o e formaliza\u00e7\u00e3o das candidaturas nesta quarta-feira, 8, no Complexo SOVS- MO, em Viana, prov\u00edncia de Luanda<\/strong>. Fonte<strong><em><a href=\"https:\/\/www.opais.ao\/politica\/1-o-dia-de-apresentacao-de-candidatura-a-presidencia-da-unita-sem-registo-oficial-de-intencao\/\"> Opa\u00eds<\/a><\/em><\/strong><\/p>\n","protected":false},"excerpt":{"rendered":"<p>A Comiss\u00e3o organizadora do XIV Congresso Ordin\u00e1rio da UNITA, respons\u00e1vel pela realiza\u00e7\u00e3o e avalia\u00e7\u00e3o dos processos de candidaturas ao cargo de presidente do partido, abriu oficialmente o processo de recep\u00e7\u00e3o e formaliza\u00e7\u00e3o das candidaturas nesta quarta-feira, 8, no Complexo SOVS- MO, em Viana, prov\u00edncia de Luanda. Fonte Opa\u00eds<\/p>\n","protected":false},"author":3,"featured_media":2582,"comment_status":"open","ping_status":"open","sticky":false,"template":"","format":"standard","meta":{"footnotes":""},"categories":[16],"tags":[880,881,243],"class_list":["post-2581","post","type-post","status-publish","format-standard","has-post-thumbnail","hentry","category-actualidade","tag-1-o-dia-de-apresentacao","tag-candidatura","tag-unita"],"blocksy_meta":[],"_links":{"self":[{"href":"https:\/\/www.radiomais.ao\/index.php\/wp-json\/wp\/v2\/posts\/2581","targetHints":{"allow":["GET"]}}],"collection":[{"href":"https:\/\/www.radiomais.ao\/index.php\/wp-json\/wp\/v2\/posts"}],"about":[{"href":"https:\/\/www.radiomais.ao\/index.php\/wp-json\/wp\/v2\/types\/post"}],"author":[{"embeddable":true,"href":"https:\/\/www.radiomais.ao\/index.php\/wp-json\/wp\/v2\/users\/3"}],"replies":[{"embeddable":true,"href":"https:\/\/www.radiomais.ao\/index.php\/wp-json\/wp\/v2\/comments?post=2581"}],"version-history":[{"count":1,"href":"https:\/\/www.radiomais.ao\/index.php\/wp-json\/wp\/v2\/posts\/2581\/revisions"}],"predecessor-version":[{"id":2583,"href":"https:\/\/www.radiomais.ao\/index.php\/wp-json\/wp\/v2\/posts\/2581\/revisions\/2583"}],"wp:featuredmedia":[{"embeddable":true,"href":"https:\/\/www.radiomais.ao\/index.php\/wp-json\/wp\/v2\/media\/2582"}],"wp:attachment":[{"href":"https:\/\/www.radiomais.ao\/index.php\/wp-json\/wp\/v2\/media?parent=2581"}],"wp:term":[{"taxonomy":"category","embeddable":true,"href":"https:\/\/www.radiomais.ao\/index.php\/wp-json\/wp\/v2\/categories?post=2581"},{"taxonomy":"post_tag","embeddable":true,"href":"https:\/\/www.radiomais.ao\/index.php\/wp-json\/wp\/v2\/tags?post=2581"}],"curies":[{"name":"wp","href":"https:\/\/api.w.org\/{rel}","templated":true}]}}