{"id":2587,"date":"2025-10-09T10:08:32","date_gmt":"2025-10-09T09:08:32","guid":{"rendered":"https:\/\/www.radiomais.ao\/?p=2587"},"modified":"2025-10-09T10:08:32","modified_gmt":"2025-10-09T09:08:32","slug":"angola-concretiza-primeira-exportacao-de-ovos-fertilizados-para-o-uganda","status":"publish","type":"post","link":"https:\/\/www.radiomais.ao\/index.php\/2025\/10\/09\/angola-concretiza-primeira-exportacao-de-ovos-fertilizados-para-o-uganda\/","title":{"rendered":"Angola concretiza primeira exporta\u00e7\u00e3o de ovos fertilizados para o Uganda."},"content":{"rendered":"\n<p><strong>Pela primeira vez, ovos fertilizados produzidos em Angola foram exportados com sucesso para o Uganda, assinalando uma nova etapa na expans\u00e3o do agro-neg\u00f3cio e no com\u00e9rcio regional angolano, segundo o Fundo Soberano de Angola (FSDEA), que descreve como \u201cum marco hist\u00f3rico no desenvolvimento agr\u00edcola e exportador do pa\u00eds<\/strong>. Fonte <strong><em><a href=\"https:\/\/www.opais.ao\/economia\/angola-concretiza-primeira-exportacao-de-ovos-fertilizados-para-o-uganda\/\">Opa\u00eds<\/a><\/em><\/strong><\/p>\n","protected":false},"excerpt":{"rendered":"<p>Pela primeira vez, ovos fertilizados produzidos em Angola foram exportados com sucesso para o Uganda, assinalando uma nova etapa na expans\u00e3o do agro-neg\u00f3cio e no com\u00e9rcio regional angolano, segundo o Fundo Soberano de Angola (FSDEA), que descreve como \u201cum marco hist\u00f3rico no desenvolvimento agr\u00edcola e exportador do pa\u00eds. Fonte Opa\u00eds<\/p>\n","protected":false},"author":3,"featured_media":2588,"comment_status":"open","ping_status":"open","sticky":false,"template":"","format":"standard","meta":{"footnotes":""},"categories":[16],"tags":[75,884,885],"class_list":["post-2587","post","type-post","status-publish","format-standard","has-post-thumbnail","hentry","category-actualidade","tag-angola","tag-exporta-ovos","tag-uganda"],"blocksy_meta":[],"_links":{"self":[{"href":"https:\/\/www.radiomais.ao\/index.php\/wp-json\/wp\/v2\/posts\/2587","targetHints":{"allow":["GET"]}}],"collection":[{"href":"https:\/\/www.radiomais.ao\/index.php\/wp-json\/wp\/v2\/posts"}],"about":[{"href":"https:\/\/www.radiomais.ao\/index.php\/wp-json\/wp\/v2\/types\/post"}],"author":[{"embeddable":true,"href":"https:\/\/www.radiomais.ao\/index.php\/wp-json\/wp\/v2\/users\/3"}],"replies":[{"embeddable":true,"href":"https:\/\/www.radiomais.ao\/index.php\/wp-json\/wp\/v2\/comments?post=2587"}],"version-history":[{"count":1,"href":"https:\/\/www.radiomais.ao\/index.php\/wp-json\/wp\/v2\/posts\/2587\/revisions"}],"predecessor-version":[{"id":2589,"href":"https:\/\/www.radiomais.ao\/index.php\/wp-json\/wp\/v2\/posts\/2587\/revisions\/2589"}],"wp:featuredmedia":[{"embeddable":true,"href":"https:\/\/www.radiomais.ao\/index.php\/wp-json\/wp\/v2\/media\/2588"}],"wp:attachment":[{"href":"https:\/\/www.radiomais.ao\/index.php\/wp-json\/wp\/v2\/media?parent=2587"}],"wp:term":[{"taxonomy":"category","embeddable":true,"href":"https:\/\/www.radiomais.ao\/index.php\/wp-json\/wp\/v2\/categories?post=2587"},{"taxonomy":"post_tag","embeddable":true,"href":"https:\/\/www.radiomais.ao\/index.php\/wp-json\/wp\/v2\/tags?post=2587"}],"curies":[{"name":"wp","href":"https:\/\/api.w.org\/{rel}","templated":true}]}}