{"id":2590,"date":"2025-10-09T14:04:40","date_gmt":"2025-10-09T13:04:40","guid":{"rendered":"https:\/\/www.radiomais.ao\/?p=2590"},"modified":"2025-10-09T14:04:40","modified_gmt":"2025-10-09T13:04:40","slug":"novas-embarcacoes-vao-reforcar-o-sector-maritimo","status":"publish","type":"post","link":"https:\/\/www.radiomais.ao\/index.php\/2025\/10\/09\/novas-embarcacoes-vao-reforcar-o-sector-maritimo\/","title":{"rendered":"Novas embarca\u00e7\u00f5es v\u00e3o refor\u00e7ar o sector mar\u00edtimo."},"content":{"rendered":"\n<p>O porto do Namibe, ganhou esta quarta feira novas embarca\u00e7\u00f5es, entregues pelo ministro dos Transportes , &nbsp;iniciativa que se enquadra no plano de desenvolvimento da Ba\u00eda de Mo\u00e7\u00e2medes<\/p>\n\n\n\n<p>As referidas embarca\u00e7\u00f5es \u00a0v\u00e3o servir de suporte as actividades mar\u00edtimas do porto.Ricardo de Abreu \u00a0ministro dos transportes, procedeu a entrega de novas embarca\u00e7\u00f5es ao porto do Namibe.<\/p>\n","protected":false},"excerpt":{"rendered":"<p>O porto do Namibe, ganhou esta quarta feira novas embarca\u00e7\u00f5es, entregues pelo ministro dos Transportes , &nbsp;iniciativa que se enquadra no plano de desenvolvimento da Ba\u00eda de Mo\u00e7\u00e2medes As referidas embarca\u00e7\u00f5es \u00a0v\u00e3o servir de suporte as actividades mar\u00edtimas do porto.Ricardo de Abreu \u00a0ministro dos transportes, procedeu a entrega de novas embarca\u00e7\u00f5es ao porto do Namibe.<\/p>\n","protected":false},"author":3,"featured_media":2591,"comment_status":"open","ping_status":"open","sticky":false,"template":"","format":"standard","meta":{"footnotes":""},"categories":[16],"tags":[886,887],"class_list":["post-2590","post","type-post","status-publish","format-standard","has-post-thumbnail","hentry","category-actualidade","tag-novas-embarcacoes","tag-porto-do-namibe"],"blocksy_meta":[],"_links":{"self":[{"href":"https:\/\/www.radiomais.ao\/index.php\/wp-json\/wp\/v2\/posts\/2590","targetHints":{"allow":["GET"]}}],"collection":[{"href":"https:\/\/www.radiomais.ao\/index.php\/wp-json\/wp\/v2\/posts"}],"about":[{"href":"https:\/\/www.radiomais.ao\/index.php\/wp-json\/wp\/v2\/types\/post"}],"author":[{"embeddable":true,"href":"https:\/\/www.radiomais.ao\/index.php\/wp-json\/wp\/v2\/users\/3"}],"replies":[{"embeddable":true,"href":"https:\/\/www.radiomais.ao\/index.php\/wp-json\/wp\/v2\/comments?post=2590"}],"version-history":[{"count":1,"href":"https:\/\/www.radiomais.ao\/index.php\/wp-json\/wp\/v2\/posts\/2590\/revisions"}],"predecessor-version":[{"id":2592,"href":"https:\/\/www.radiomais.ao\/index.php\/wp-json\/wp\/v2\/posts\/2590\/revisions\/2592"}],"wp:featuredmedia":[{"embeddable":true,"href":"https:\/\/www.radiomais.ao\/index.php\/wp-json\/wp\/v2\/media\/2591"}],"wp:attachment":[{"href":"https:\/\/www.radiomais.ao\/index.php\/wp-json\/wp\/v2\/media?parent=2590"}],"wp:term":[{"taxonomy":"category","embeddable":true,"href":"https:\/\/www.radiomais.ao\/index.php\/wp-json\/wp\/v2\/categories?post=2590"},{"taxonomy":"post_tag","embeddable":true,"href":"https:\/\/www.radiomais.ao\/index.php\/wp-json\/wp\/v2\/tags?post=2590"}],"curies":[{"name":"wp","href":"https:\/\/api.w.org\/{rel}","templated":true}]}}