{"id":2602,"date":"2025-10-09T14:21:23","date_gmt":"2025-10-09T13:21:23","guid":{"rendered":"https:\/\/www.radiomais.ao\/?p=2602"},"modified":"2025-10-09T14:21:23","modified_gmt":"2025-10-09T13:21:23","slug":"lancada-primeira-pedra-para-construcao-do-siac-cuito","status":"publish","type":"post","link":"https:\/\/www.radiomais.ao\/index.php\/2025\/10\/09\/lancada-primeira-pedra-para-construcao-do-siac-cuito\/","title":{"rendered":"Lan\u00e7ada primeira pedra para constru\u00e7\u00e3o do SIAC Cuito."},"content":{"rendered":"\n<p>A ministra da Administra\u00e7\u00e3o P\u00fablica, Trabalho e Seguran\u00e7a Social, Teresa Rodrigues Dias, lan\u00e7ou, nesta quinta-feira, 9, na prov\u00edncia do Bi\u00e9, a primeira pedra para a constru\u00e7\u00e3o do novo SIAC Cuito, um servi\u00e7o que de acordo com a governante vai \u201caproximar os servi\u00e7os aos cidad\u00e3os e gerar empregos\u201d. Fonte <strong><em><a href=\"https:\/\/www.opais.ao\/ultimas_hora\/lancada-primeira-pedra-para-construcao-do-siac-cuito\/\">Opa\u00eds<\/a><\/em><\/strong><\/p>\n","protected":false},"excerpt":{"rendered":"<p>A ministra da Administra\u00e7\u00e3o P\u00fablica, Trabalho e Seguran\u00e7a Social, Teresa Rodrigues Dias, lan\u00e7ou, nesta quinta-feira, 9, na prov\u00edncia do Bi\u00e9, a primeira pedra para a constru\u00e7\u00e3o do novo SIAC Cuito, um servi\u00e7o que de acordo com a governante vai \u201caproximar os servi\u00e7os aos cidad\u00e3os e gerar empregos\u201d. Fonte Opa\u00eds<\/p>\n","protected":false},"author":3,"featured_media":2603,"comment_status":"open","ping_status":"open","sticky":false,"template":"","format":"standard","meta":{"footnotes":""},"categories":[16],"tags":[895,894],"class_list":["post-2602","post","type-post","status-publish","format-standard","has-post-thumbnail","hentry","category-actualidade","tag-1o-pedra-lancada","tag-siac-cuito"],"blocksy_meta":[],"_links":{"self":[{"href":"https:\/\/www.radiomais.ao\/index.php\/wp-json\/wp\/v2\/posts\/2602","targetHints":{"allow":["GET"]}}],"collection":[{"href":"https:\/\/www.radiomais.ao\/index.php\/wp-json\/wp\/v2\/posts"}],"about":[{"href":"https:\/\/www.radiomais.ao\/index.php\/wp-json\/wp\/v2\/types\/post"}],"author":[{"embeddable":true,"href":"https:\/\/www.radiomais.ao\/index.php\/wp-json\/wp\/v2\/users\/3"}],"replies":[{"embeddable":true,"href":"https:\/\/www.radiomais.ao\/index.php\/wp-json\/wp\/v2\/comments?post=2602"}],"version-history":[{"count":1,"href":"https:\/\/www.radiomais.ao\/index.php\/wp-json\/wp\/v2\/posts\/2602\/revisions"}],"predecessor-version":[{"id":2604,"href":"https:\/\/www.radiomais.ao\/index.php\/wp-json\/wp\/v2\/posts\/2602\/revisions\/2604"}],"wp:featuredmedia":[{"embeddable":true,"href":"https:\/\/www.radiomais.ao\/index.php\/wp-json\/wp\/v2\/media\/2603"}],"wp:attachment":[{"href":"https:\/\/www.radiomais.ao\/index.php\/wp-json\/wp\/v2\/media?parent=2602"}],"wp:term":[{"taxonomy":"category","embeddable":true,"href":"https:\/\/www.radiomais.ao\/index.php\/wp-json\/wp\/v2\/categories?post=2602"},{"taxonomy":"post_tag","embeddable":true,"href":"https:\/\/www.radiomais.ao\/index.php\/wp-json\/wp\/v2\/tags?post=2602"}],"curies":[{"name":"wp","href":"https:\/\/api.w.org\/{rel}","templated":true}]}}