{"id":2612,"date":"2025-10-13T10:14:58","date_gmt":"2025-10-13T09:14:58","guid":{"rendered":"https:\/\/www.radiomais.ao\/?p=2612"},"modified":"2025-10-13T10:14:58","modified_gmt":"2025-10-13T09:14:58","slug":"fp-sadc-reforca-compromisso-com-a-defesa-dos-direitos-das-meninas","status":"publish","type":"post","link":"https:\/\/www.radiomais.ao\/index.php\/2025\/10\/13\/fp-sadc-reforca-compromisso-com-a-defesa-dos-direitos-das-meninas\/","title":{"rendered":"FP-SADC refor\u00e7a compromisso com a defesa dos direitos das meninas."},"content":{"rendered":"\n<p>F\u00f3rum Parlamentar da comunidade de desenvolvimento da \u00e1frica Austral (FP-SADC) reafirmou o seu compromisso com a defesa dos direitos das meninas, ao associar-se \u00e0 celebra\u00e7\u00e3o do dia internacional da menina, assinalado a 11 de outubro, que este ano decorre sob o lema \u201cJuntos somos melhores\u201d. Fonte <strong><em><a href=\"https:\/\/www.opais.ao\/politica\/fp-sadc-reforca-compromisso-com-a-defesa-dos-direitos-das-meninas\/\">Opa\u00eds<\/a><\/em><\/strong><\/p>\n","protected":false},"excerpt":{"rendered":"<p>F\u00f3rum Parlamentar da comunidade de desenvolvimento da \u00e1frica Austral (FP-SADC) reafirmou o seu compromisso com a defesa dos direitos das meninas, ao associar-se \u00e0 celebra\u00e7\u00e3o do dia internacional da menina, assinalado a 11 de outubro, que este ano decorre sob o lema \u201cJuntos somos melhores\u201d. Fonte Opa\u00eds<\/p>\n","protected":false},"author":3,"featured_media":2613,"comment_status":"open","ping_status":"open","sticky":false,"template":"","format":"standard","meta":{"footnotes":""},"categories":[16],"tags":[900],"class_list":["post-2612","post","type-post","status-publish","format-standard","has-post-thumbnail","hentry","category-actualidade","tag-fp-sadc-reforca-compromisso-com-a-defesa-dos-direitos-das-meninas"],"blocksy_meta":[],"_links":{"self":[{"href":"https:\/\/www.radiomais.ao\/index.php\/wp-json\/wp\/v2\/posts\/2612","targetHints":{"allow":["GET"]}}],"collection":[{"href":"https:\/\/www.radiomais.ao\/index.php\/wp-json\/wp\/v2\/posts"}],"about":[{"href":"https:\/\/www.radiomais.ao\/index.php\/wp-json\/wp\/v2\/types\/post"}],"author":[{"embeddable":true,"href":"https:\/\/www.radiomais.ao\/index.php\/wp-json\/wp\/v2\/users\/3"}],"replies":[{"embeddable":true,"href":"https:\/\/www.radiomais.ao\/index.php\/wp-json\/wp\/v2\/comments?post=2612"}],"version-history":[{"count":1,"href":"https:\/\/www.radiomais.ao\/index.php\/wp-json\/wp\/v2\/posts\/2612\/revisions"}],"predecessor-version":[{"id":2614,"href":"https:\/\/www.radiomais.ao\/index.php\/wp-json\/wp\/v2\/posts\/2612\/revisions\/2614"}],"wp:featuredmedia":[{"embeddable":true,"href":"https:\/\/www.radiomais.ao\/index.php\/wp-json\/wp\/v2\/media\/2613"}],"wp:attachment":[{"href":"https:\/\/www.radiomais.ao\/index.php\/wp-json\/wp\/v2\/media?parent=2612"}],"wp:term":[{"taxonomy":"category","embeddable":true,"href":"https:\/\/www.radiomais.ao\/index.php\/wp-json\/wp\/v2\/categories?post=2612"},{"taxonomy":"post_tag","embeddable":true,"href":"https:\/\/www.radiomais.ao\/index.php\/wp-json\/wp\/v2\/tags?post=2612"}],"curies":[{"name":"wp","href":"https:\/\/api.w.org\/{rel}","templated":true}]}}