{"id":2615,"date":"2025-10-13T10:18:41","date_gmt":"2025-10-13T09:18:41","guid":{"rendered":"https:\/\/www.radiomais.ao\/?p=2615"},"modified":"2025-10-13T10:18:41","modified_gmt":"2025-10-13T09:18:41","slug":"angola-reforca-cultura-de-concorrencia-com-apoio-de-portugal-e-uniao-europeia","status":"publish","type":"post","link":"https:\/\/www.radiomais.ao\/index.php\/2025\/10\/13\/angola-reforca-cultura-de-concorrencia-com-apoio-de-portugal-e-uniao-europeia\/","title":{"rendered":"Angola refor\u00e7a cultura de concorr\u00eancia com apoio de portugal e Uni\u00e3o Europeia."},"content":{"rendered":"\n<p>Num encontro Internacional sobre a Import\u00e2ncia da Avalia\u00e7\u00e3o do Impacto Concorrencial de Pol\u00edticas P\u00fablicas, realizada recentemente, em Luanda, numa iniciativa da Autoridade Reguladora da Concorr\u00eancia (ARC), em parceria com a Autoridade da Concorr\u00eancia de Portugal (ADC), com o apoio da Uni\u00e3o Europeia, a secret\u00e1ria de Estado para o Or\u00e7amento, Juciene de Sousa, destacou a import\u00e2ncia da concorr\u00eancia como pilar de uma governa\u00e7\u00e3o moderna e transparente. Fonte <strong><em><a href=\"https:\/\/www.opais.ao\/economia\/angola-reforca-cultura-de-concorrencia-com-apoio-de-portugal-e-uniao-europeia\/\">Opa\u00eds<\/a><\/em><\/strong><\/p>\n","protected":false},"excerpt":{"rendered":"<p>Num encontro Internacional sobre a Import\u00e2ncia da Avalia\u00e7\u00e3o do Impacto Concorrencial de Pol\u00edticas P\u00fablicas, realizada recentemente, em Luanda, numa iniciativa da Autoridade Reguladora da Concorr\u00eancia (ARC), em parceria com a Autoridade da Concorr\u00eancia de Portugal (ADC), com o apoio da Uni\u00e3o Europeia, a secret\u00e1ria de Estado para o Or\u00e7amento, Juciene de Sousa, destacou a import\u00e2ncia [&hellip;]<\/p>\n","protected":false},"author":3,"featured_media":2616,"comment_status":"open","ping_status":"open","sticky":false,"template":"","format":"standard","meta":{"footnotes":""},"categories":[16],"tags":[75,902,901,903],"class_list":["post-2615","post","type-post","status-publish","format-standard","has-post-thumbnail","hentry","category-actualidade","tag-angola","tag-portugal","tag-reforca-cultura","tag-uniao-europeia"],"blocksy_meta":[],"_links":{"self":[{"href":"https:\/\/www.radiomais.ao\/index.php\/wp-json\/wp\/v2\/posts\/2615","targetHints":{"allow":["GET"]}}],"collection":[{"href":"https:\/\/www.radiomais.ao\/index.php\/wp-json\/wp\/v2\/posts"}],"about":[{"href":"https:\/\/www.radiomais.ao\/index.php\/wp-json\/wp\/v2\/types\/post"}],"author":[{"embeddable":true,"href":"https:\/\/www.radiomais.ao\/index.php\/wp-json\/wp\/v2\/users\/3"}],"replies":[{"embeddable":true,"href":"https:\/\/www.radiomais.ao\/index.php\/wp-json\/wp\/v2\/comments?post=2615"}],"version-history":[{"count":1,"href":"https:\/\/www.radiomais.ao\/index.php\/wp-json\/wp\/v2\/posts\/2615\/revisions"}],"predecessor-version":[{"id":2617,"href":"https:\/\/www.radiomais.ao\/index.php\/wp-json\/wp\/v2\/posts\/2615\/revisions\/2617"}],"wp:featuredmedia":[{"embeddable":true,"href":"https:\/\/www.radiomais.ao\/index.php\/wp-json\/wp\/v2\/media\/2616"}],"wp:attachment":[{"href":"https:\/\/www.radiomais.ao\/index.php\/wp-json\/wp\/v2\/media?parent=2615"}],"wp:term":[{"taxonomy":"category","embeddable":true,"href":"https:\/\/www.radiomais.ao\/index.php\/wp-json\/wp\/v2\/categories?post=2615"},{"taxonomy":"post_tag","embeddable":true,"href":"https:\/\/www.radiomais.ao\/index.php\/wp-json\/wp\/v2\/tags?post=2615"}],"curies":[{"name":"wp","href":"https:\/\/api.w.org\/{rel}","templated":true}]}}