{"id":2618,"date":"2025-10-13T10:24:55","date_gmt":"2025-10-13T09:24:55","guid":{"rendered":"https:\/\/www.radiomais.ao\/?p=2618"},"modified":"2025-10-13T10:24:55","modified_gmt":"2025-10-13T09:24:55","slug":"executivo-pretende-melhorar-o-mercado-publicitario-para-impulsionar-a-economia-nacional","status":"publish","type":"post","link":"https:\/\/www.radiomais.ao\/index.php\/2025\/10\/13\/executivo-pretende-melhorar-o-mercado-publicitario-para-impulsionar-a-economia-nacional\/","title":{"rendered":"Executivo pretende melhorar o mercado publicit\u00e1rio para impulsionar a economia nacional."},"content":{"rendered":"\n<p><strong>O Executivo est\u00e1 a desencadear ac\u00e7\u00f5es, atrav\u00e9s do Minist\u00e9rio das Telecomunica\u00e7\u00f5es, tecnologias de informa\u00e7\u00e3o e comunica\u00e7\u00e3o social (MINTTICS), para colmatar os desafios enfrentados pela ind\u00fastria de produ\u00e7\u00e3o de conte\u00fados e de publicidade, e elevar a qualidade do mercado, de modo a impulsionar a economia nacional e valorizar ainda mais os profissionais, aproximando-se dos padr\u00f5es internacionais<\/strong>. Fonte Opa\u00eds<\/p>\n","protected":false},"excerpt":{"rendered":"<p>O Executivo est\u00e1 a desencadear ac\u00e7\u00f5es, atrav\u00e9s do Minist\u00e9rio das Telecomunica\u00e7\u00f5es, tecnologias de informa\u00e7\u00e3o e comunica\u00e7\u00e3o social (MINTTICS), para colmatar os desafios enfrentados pela ind\u00fastria de produ\u00e7\u00e3o de conte\u00fados e de publicidade, e elevar a qualidade do mercado, de modo a impulsionar a economia nacional e valorizar ainda mais os profissionais, aproximando-se dos padr\u00f5es internacionais. [&hellip;]<\/p>\n","protected":false},"author":3,"featured_media":2619,"comment_status":"open","ping_status":"open","sticky":false,"template":"","format":"standard","meta":{"footnotes":""},"categories":[16],"tags":[199,904],"class_list":["post-2618","post","type-post","status-publish","format-standard","has-post-thumbnail","hentry","category-actualidade","tag-executivo","tag-mercado-publicitario"],"blocksy_meta":[],"_links":{"self":[{"href":"https:\/\/www.radiomais.ao\/index.php\/wp-json\/wp\/v2\/posts\/2618","targetHints":{"allow":["GET"]}}],"collection":[{"href":"https:\/\/www.radiomais.ao\/index.php\/wp-json\/wp\/v2\/posts"}],"about":[{"href":"https:\/\/www.radiomais.ao\/index.php\/wp-json\/wp\/v2\/types\/post"}],"author":[{"embeddable":true,"href":"https:\/\/www.radiomais.ao\/index.php\/wp-json\/wp\/v2\/users\/3"}],"replies":[{"embeddable":true,"href":"https:\/\/www.radiomais.ao\/index.php\/wp-json\/wp\/v2\/comments?post=2618"}],"version-history":[{"count":1,"href":"https:\/\/www.radiomais.ao\/index.php\/wp-json\/wp\/v2\/posts\/2618\/revisions"}],"predecessor-version":[{"id":2620,"href":"https:\/\/www.radiomais.ao\/index.php\/wp-json\/wp\/v2\/posts\/2618\/revisions\/2620"}],"wp:featuredmedia":[{"embeddable":true,"href":"https:\/\/www.radiomais.ao\/index.php\/wp-json\/wp\/v2\/media\/2619"}],"wp:attachment":[{"href":"https:\/\/www.radiomais.ao\/index.php\/wp-json\/wp\/v2\/media?parent=2618"}],"wp:term":[{"taxonomy":"category","embeddable":true,"href":"https:\/\/www.radiomais.ao\/index.php\/wp-json\/wp\/v2\/categories?post=2618"},{"taxonomy":"post_tag","embeddable":true,"href":"https:\/\/www.radiomais.ao\/index.php\/wp-json\/wp\/v2\/tags?post=2618"}],"curies":[{"name":"wp","href":"https:\/\/api.w.org\/{rel}","templated":true}]}}