{"id":2624,"date":"2025-10-13T12:07:07","date_gmt":"2025-10-13T11:07:07","guid":{"rendered":"https:\/\/www.radiomais.ao\/?p=2624"},"modified":"2025-10-13T12:07:07","modified_gmt":"2025-10-13T11:07:07","slug":"minint-promove-marcha-para-prevencao-e-combate-a-sinistralidade-rodoviaria","status":"publish","type":"post","link":"https:\/\/www.radiomais.ao\/index.php\/2025\/10\/13\/minint-promove-marcha-para-prevencao-e-combate-a-sinistralidade-rodoviaria\/","title":{"rendered":"MININT promove marcha para preven\u00e7\u00e3o e combate \u00e0 sinistralidade rodovi\u00e1ria."},"content":{"rendered":"\n<p><strong>O minist\u00e9rio do interior (MININT) realizou neste s\u00e1bado, 12 de outubro, em luanda, uma marcha de consciencializa\u00e7\u00e3o e preven\u00e7\u00e3o rodovi\u00e1ria sob o lema \u201cmude antes que seja tarde\u201d, uma iniciativa que pretende despertar a sociedade para o crescente n\u00famero de v\u00edtimas de acidentes de via\u00e7\u00e3o, a segunda maior causa de morte em Angola, depois da mal\u00e1ria<\/strong>. Fonte <strong><em><a href=\"https:\/\/www.opais.ao\/sociedade\/minint-promove-marcha-para-prevencao-e-combate-a-sinistralidade-rodoviaria\/\">Opa\u00eds<\/a><\/em><\/strong><\/p>\n\n\n\n<p><\/p>\n","protected":false},"excerpt":{"rendered":"<p>O minist\u00e9rio do interior (MININT) realizou neste s\u00e1bado, 12 de outubro, em luanda, uma marcha de consciencializa\u00e7\u00e3o e preven\u00e7\u00e3o rodovi\u00e1ria sob o lema \u201cmude antes que seja tarde\u201d, uma iniciativa que pretende despertar a sociedade para o crescente n\u00famero de v\u00edtimas de acidentes de via\u00e7\u00e3o, a segunda maior causa de morte em Angola, depois da [&hellip;]<\/p>\n","protected":false},"author":3,"featured_media":0,"comment_status":"open","ping_status":"open","sticky":false,"template":"","format":"standard","meta":{"footnotes":""},"categories":[16],"tags":[907,656,908,909],"class_list":["post-2624","post","type-post","status-publish","format-standard","hentry","category-actualidade","tag-marcha","tag-minint","tag-prevencao","tag-sinistralidade-rodoviaria"],"blocksy_meta":[],"_links":{"self":[{"href":"https:\/\/www.radiomais.ao\/index.php\/wp-json\/wp\/v2\/posts\/2624","targetHints":{"allow":["GET"]}}],"collection":[{"href":"https:\/\/www.radiomais.ao\/index.php\/wp-json\/wp\/v2\/posts"}],"about":[{"href":"https:\/\/www.radiomais.ao\/index.php\/wp-json\/wp\/v2\/types\/post"}],"author":[{"embeddable":true,"href":"https:\/\/www.radiomais.ao\/index.php\/wp-json\/wp\/v2\/users\/3"}],"replies":[{"embeddable":true,"href":"https:\/\/www.radiomais.ao\/index.php\/wp-json\/wp\/v2\/comments?post=2624"}],"version-history":[{"count":1,"href":"https:\/\/www.radiomais.ao\/index.php\/wp-json\/wp\/v2\/posts\/2624\/revisions"}],"predecessor-version":[{"id":2625,"href":"https:\/\/www.radiomais.ao\/index.php\/wp-json\/wp\/v2\/posts\/2624\/revisions\/2625"}],"wp:attachment":[{"href":"https:\/\/www.radiomais.ao\/index.php\/wp-json\/wp\/v2\/media?parent=2624"}],"wp:term":[{"taxonomy":"category","embeddable":true,"href":"https:\/\/www.radiomais.ao\/index.php\/wp-json\/wp\/v2\/categories?post=2624"},{"taxonomy":"post_tag","embeddable":true,"href":"https:\/\/www.radiomais.ao\/index.php\/wp-json\/wp\/v2\/tags?post=2624"}],"curies":[{"name":"wp","href":"https:\/\/api.w.org\/{rel}","templated":true}]}}