{"id":2626,"date":"2025-10-13T12:10:25","date_gmt":"2025-10-13T11:10:25","guid":{"rendered":"https:\/\/www.radiomais.ao\/?p=2626"},"modified":"2025-10-13T12:10:25","modified_gmt":"2025-10-13T11:10:25","slug":"taxa-de-gravidez-precoce-em-angola-reduz-para-161-por-cento","status":"publish","type":"post","link":"https:\/\/www.radiomais.ao\/index.php\/2025\/10\/13\/taxa-de-gravidez-precoce-em-angola-reduz-para-161-por-cento\/","title":{"rendered":"Taxa de gravidez precoce em Angola reduz para 16,1 por cento."},"content":{"rendered":"\n<p>A taxa de gravidez precoce em Angola reduz para 16,1 por cento entre meninas que terminam o ensino secund\u00e1rio, segundo dados do Inqu\u00e9rito de Indicadores M\u00faltiplos de Sa\u00fade (IIMS 2023-2024). O levantamento mostra, no entanto, que 43 por cento das adolescentes entre os 15 e 19 anos engravidam precocemente, enquanto 34 por cento das m\u00e3es jovens n\u00e3o frequentam a escola. Fonte<strong><em><a href=\"https:\/\/www.opais.ao\/ultimas_hora\/taxa-de-gravidez-precoce-em-angola-reduz-para-161-por-cento\/\"> Opa\u00eds<\/a><\/em><\/strong><\/p>\n","protected":false},"excerpt":{"rendered":"<p>A taxa de gravidez precoce em Angola reduz para 16,1 por cento entre meninas que terminam o ensino secund\u00e1rio, segundo dados do Inqu\u00e9rito de Indicadores M\u00faltiplos de Sa\u00fade (IIMS 2023-2024). O levantamento mostra, no entanto, que 43 por cento das adolescentes entre os 15 e 19 anos engravidam precocemente, enquanto 34 por cento das m\u00e3es [&hellip;]<\/p>\n","protected":false},"author":3,"featured_media":2627,"comment_status":"open","ping_status":"open","sticky":false,"template":"","format":"standard","meta":{"footnotes":""},"categories":[16],"tags":[911,912,910],"class_list":["post-2626","post","type-post","status-publish","format-standard","has-post-thumbnail","hentry","category-actualidade","tag-precoce","tag-reduz","tag-taxa-de-gravidez"],"blocksy_meta":[],"_links":{"self":[{"href":"https:\/\/www.radiomais.ao\/index.php\/wp-json\/wp\/v2\/posts\/2626","targetHints":{"allow":["GET"]}}],"collection":[{"href":"https:\/\/www.radiomais.ao\/index.php\/wp-json\/wp\/v2\/posts"}],"about":[{"href":"https:\/\/www.radiomais.ao\/index.php\/wp-json\/wp\/v2\/types\/post"}],"author":[{"embeddable":true,"href":"https:\/\/www.radiomais.ao\/index.php\/wp-json\/wp\/v2\/users\/3"}],"replies":[{"embeddable":true,"href":"https:\/\/www.radiomais.ao\/index.php\/wp-json\/wp\/v2\/comments?post=2626"}],"version-history":[{"count":1,"href":"https:\/\/www.radiomais.ao\/index.php\/wp-json\/wp\/v2\/posts\/2626\/revisions"}],"predecessor-version":[{"id":2628,"href":"https:\/\/www.radiomais.ao\/index.php\/wp-json\/wp\/v2\/posts\/2626\/revisions\/2628"}],"wp:featuredmedia":[{"embeddable":true,"href":"https:\/\/www.radiomais.ao\/index.php\/wp-json\/wp\/v2\/media\/2627"}],"wp:attachment":[{"href":"https:\/\/www.radiomais.ao\/index.php\/wp-json\/wp\/v2\/media?parent=2626"}],"wp:term":[{"taxonomy":"category","embeddable":true,"href":"https:\/\/www.radiomais.ao\/index.php\/wp-json\/wp\/v2\/categories?post=2626"},{"taxonomy":"post_tag","embeddable":true,"href":"https:\/\/www.radiomais.ao\/index.php\/wp-json\/wp\/v2\/tags?post=2626"}],"curies":[{"name":"wp","href":"https:\/\/api.w.org\/{rel}","templated":true}]}}