{"id":2629,"date":"2025-10-13T12:14:49","date_gmt":"2025-10-13T11:14:49","guid":{"rendered":"https:\/\/www.radiomais.ao\/?p=2629"},"modified":"2025-10-13T12:14:49","modified_gmt":"2025-10-13T11:14:49","slug":"miss-angola-internacional-lauriela-martins-promete-trabalhar-em-prol-de-meninas-vulneraveis","status":"publish","type":"post","link":"https:\/\/www.radiomais.ao\/index.php\/2025\/10\/13\/miss-angola-internacional-lauriela-martins-promete-trabalhar-em-prol-de-meninas-vulneraveis\/","title":{"rendered":"Miss Angola Internacional, Lauriela Martins, promete trabalhar em prol de meninas vulner\u00e1veis."},"content":{"rendered":"\n<p><strong>A vencedora da 2.\u00aa edi\u00e7\u00e3o da Gala Miss Angola Internacional, Lauriela Martins, de 27 anos, natural da prov\u00edncia de Cabinda, afirmou, neste domingo, 12, que ir\u00e1 dedicar-se \u00e0 melhoria das condi\u00e7\u00f5es de vida de meninas em situa\u00e7\u00e3o de vulnerabilidade, al\u00e9m de abra\u00e7ar outros projectos de filantropia com o objectivo de contribuir para o desenvolvimento do pa\u00eds<\/strong>. Fonte <strong><em><a href=\"https:\/\/www.opais.ao\/cultura\/miss-angola-internacional-lauriela-martins-promete-trabalhar-em-prol-de-meninas-vulneraveis\/\">Opa\u00eds<\/a><\/em><\/strong><\/p>\n","protected":false},"excerpt":{"rendered":"<p>A vencedora da 2.\u00aa edi\u00e7\u00e3o da Gala Miss Angola Internacional, Lauriela Martins, de 27 anos, natural da prov\u00edncia de Cabinda, afirmou, neste domingo, 12, que ir\u00e1 dedicar-se \u00e0 melhoria das condi\u00e7\u00f5es de vida de meninas em situa\u00e7\u00e3o de vulnerabilidade, al\u00e9m de abra\u00e7ar outros projectos de filantropia com o objectivo de contribuir para o desenvolvimento do [&hellip;]<\/p>\n","protected":false},"author":3,"featured_media":2630,"comment_status":"open","ping_status":"open","sticky":false,"template":"","format":"standard","meta":{"footnotes":""},"categories":[16],"tags":[913],"class_list":["post-2629","post","type-post","status-publish","format-standard","has-post-thumbnail","hentry","category-actualidade","tag-miss-angola-internacioanl"],"blocksy_meta":[],"_links":{"self":[{"href":"https:\/\/www.radiomais.ao\/index.php\/wp-json\/wp\/v2\/posts\/2629","targetHints":{"allow":["GET"]}}],"collection":[{"href":"https:\/\/www.radiomais.ao\/index.php\/wp-json\/wp\/v2\/posts"}],"about":[{"href":"https:\/\/www.radiomais.ao\/index.php\/wp-json\/wp\/v2\/types\/post"}],"author":[{"embeddable":true,"href":"https:\/\/www.radiomais.ao\/index.php\/wp-json\/wp\/v2\/users\/3"}],"replies":[{"embeddable":true,"href":"https:\/\/www.radiomais.ao\/index.php\/wp-json\/wp\/v2\/comments?post=2629"}],"version-history":[{"count":1,"href":"https:\/\/www.radiomais.ao\/index.php\/wp-json\/wp\/v2\/posts\/2629\/revisions"}],"predecessor-version":[{"id":2631,"href":"https:\/\/www.radiomais.ao\/index.php\/wp-json\/wp\/v2\/posts\/2629\/revisions\/2631"}],"wp:featuredmedia":[{"embeddable":true,"href":"https:\/\/www.radiomais.ao\/index.php\/wp-json\/wp\/v2\/media\/2630"}],"wp:attachment":[{"href":"https:\/\/www.radiomais.ao\/index.php\/wp-json\/wp\/v2\/media?parent=2629"}],"wp:term":[{"taxonomy":"category","embeddable":true,"href":"https:\/\/www.radiomais.ao\/index.php\/wp-json\/wp\/v2\/categories?post=2629"},{"taxonomy":"post_tag","embeddable":true,"href":"https:\/\/www.radiomais.ao\/index.php\/wp-json\/wp\/v2\/tags?post=2629"}],"curies":[{"name":"wp","href":"https:\/\/api.w.org\/{rel}","templated":true}]}}