{"id":2632,"date":"2025-10-13T12:22:50","date_gmt":"2025-10-13T11:22:50","guid":{"rendered":"https:\/\/www.radiomais.ao\/?p=2632"},"modified":"2025-10-13T12:22:50","modified_gmt":"2025-10-13T11:22:50","slug":"concerto-4c-une-artistas-de-diferentes-geracoes-no-palco-do-palacio-de-ferro","status":"publish","type":"post","link":"https:\/\/www.radiomais.ao\/index.php\/2025\/10\/13\/concerto-4c-une-artistas-de-diferentes-geracoes-no-palco-do-palacio-de-ferro\/","title":{"rendered":"Concerto \u201c4C\u201d une artistas de diferentes gera\u00e7\u00f5es no palco do Pal\u00e1cio de Ferro."},"content":{"rendered":"\n<p><strong>O cantor angolano Tot\u00f3 ST declarouse regozijado por, sendo jovem, interpretar grandes cl\u00e1ssicos da m\u00fasica nacional, em concerto que visou celebrar meio s\u00e9culo de independ\u00eancia do Pa\u00eds, realizado neste s\u00e1bado, 11, no Pal\u00e1cio de Ferro, em Luanda<\/strong>. Fonte <strong><em><a href=\"https:\/\/www.opais.ao\/cultura\/concerto-4c-une-artistas-de-diferentes-geracoes-no-palco-do-palacio-de-ferro\/\">Opa\u00eds<\/a><\/em><\/strong><\/p>\n\n\n\n<p><\/p>\n","protected":false},"excerpt":{"rendered":"<p>O cantor angolano Tot\u00f3 ST declarouse regozijado por, sendo jovem, interpretar grandes cl\u00e1ssicos da m\u00fasica nacional, em concerto que visou celebrar meio s\u00e9culo de independ\u00eancia do Pa\u00eds, realizado neste s\u00e1bado, 11, no Pal\u00e1cio de Ferro, em Luanda. Fonte Opa\u00eds<\/p>\n","protected":false},"author":3,"featured_media":2633,"comment_status":"open","ping_status":"open","sticky":false,"template":"","format":"standard","meta":{"footnotes":""},"categories":[16],"tags":[210,914,915],"class_list":["post-2632","post","type-post","status-publish","format-standard","has-post-thumbnail","hentry","category-actualidade","tag-concerto","tag-palacio-de-ferro","tag-une-diversas-geracoes"],"blocksy_meta":[],"_links":{"self":[{"href":"https:\/\/www.radiomais.ao\/index.php\/wp-json\/wp\/v2\/posts\/2632","targetHints":{"allow":["GET"]}}],"collection":[{"href":"https:\/\/www.radiomais.ao\/index.php\/wp-json\/wp\/v2\/posts"}],"about":[{"href":"https:\/\/www.radiomais.ao\/index.php\/wp-json\/wp\/v2\/types\/post"}],"author":[{"embeddable":true,"href":"https:\/\/www.radiomais.ao\/index.php\/wp-json\/wp\/v2\/users\/3"}],"replies":[{"embeddable":true,"href":"https:\/\/www.radiomais.ao\/index.php\/wp-json\/wp\/v2\/comments?post=2632"}],"version-history":[{"count":1,"href":"https:\/\/www.radiomais.ao\/index.php\/wp-json\/wp\/v2\/posts\/2632\/revisions"}],"predecessor-version":[{"id":2634,"href":"https:\/\/www.radiomais.ao\/index.php\/wp-json\/wp\/v2\/posts\/2632\/revisions\/2634"}],"wp:featuredmedia":[{"embeddable":true,"href":"https:\/\/www.radiomais.ao\/index.php\/wp-json\/wp\/v2\/media\/2633"}],"wp:attachment":[{"href":"https:\/\/www.radiomais.ao\/index.php\/wp-json\/wp\/v2\/media?parent=2632"}],"wp:term":[{"taxonomy":"category","embeddable":true,"href":"https:\/\/www.radiomais.ao\/index.php\/wp-json\/wp\/v2\/categories?post=2632"},{"taxonomy":"post_tag","embeddable":true,"href":"https:\/\/www.radiomais.ao\/index.php\/wp-json\/wp\/v2\/tags?post=2632"}],"curies":[{"name":"wp","href":"https:\/\/api.w.org\/{rel}","templated":true}]}}