{"id":2635,"date":"2025-10-13T13:29:13","date_gmt":"2025-10-13T12:29:13","guid":{"rendered":"https:\/\/www.radiomais.ao\/?p=2635"},"modified":"2025-10-13T13:29:13","modified_gmt":"2025-10-13T12:29:13","slug":"andebol-perolas-africanas-iniciam-hoje-quarto-ciclo-de-preparacao-para-o-mundial","status":"publish","type":"post","link":"https:\/\/www.radiomais.ao\/index.php\/2025\/10\/13\/andebol-perolas-africanas-iniciam-hoje-quarto-ciclo-de-preparacao-para-o-mundial\/","title":{"rendered":"Andebol: P\u00e9rolas africanas iniciam hoje quarto ciclo de prepara\u00e7\u00e3o para o Mundial."},"content":{"rendered":"\n<p>A Selec\u00e7\u00e3o Nacional s\u00e9nior feminina de andebol inicia, hoje, segunda-feira, 13, na capital do pa\u00eds, o quarto ciclo de prepara\u00e7\u00e3o com vista \u00e0 sua participa\u00e7\u00e3o no Campeonato do Mundo, que se disputa de 26 de Novembro a 14 de Dezembro do corrente ano, na Alemanha e nos Pa\u00edses Baixos. De acordo com um documento da federa\u00e7\u00e3o angolana da modalidade a que este jornal teve acesso, os trabalhos v\u00e3o decorrer at\u00e9 o dia 19 do corrente m\u00eas. Fonte <strong><em><a href=\"https:\/\/www.opais.ao\/desporto\/andebol-perolas-africanas-iniciam-hoje-quarto-ciclo-de-preparacao-para-o-mundial\/\">Opa\u00eds<\/a><\/em><\/strong><\/p>\n","protected":false},"excerpt":{"rendered":"<p>A Selec\u00e7\u00e3o Nacional s\u00e9nior feminina de andebol inicia, hoje, segunda-feira, 13, na capital do pa\u00eds, o quarto ciclo de prepara\u00e7\u00e3o com vista \u00e0 sua participa\u00e7\u00e3o no Campeonato do Mundo, que se disputa de 26 de Novembro a 14 de Dezembro do corrente ano, na Alemanha e nos Pa\u00edses Baixos. De acordo com um documento da [&hellip;]<\/p>\n","protected":false},"author":3,"featured_media":2636,"comment_status":"open","ping_status":"open","sticky":false,"template":"","format":"standard","meta":{"footnotes":""},"categories":[16],"tags":[916,917],"class_list":["post-2635","post","type-post","status-publish","format-standard","has-post-thumbnail","hentry","category-actualidade","tag-andebol-perolas-africanas","tag-mundial"],"blocksy_meta":[],"_links":{"self":[{"href":"https:\/\/www.radiomais.ao\/index.php\/wp-json\/wp\/v2\/posts\/2635","targetHints":{"allow":["GET"]}}],"collection":[{"href":"https:\/\/www.radiomais.ao\/index.php\/wp-json\/wp\/v2\/posts"}],"about":[{"href":"https:\/\/www.radiomais.ao\/index.php\/wp-json\/wp\/v2\/types\/post"}],"author":[{"embeddable":true,"href":"https:\/\/www.radiomais.ao\/index.php\/wp-json\/wp\/v2\/users\/3"}],"replies":[{"embeddable":true,"href":"https:\/\/www.radiomais.ao\/index.php\/wp-json\/wp\/v2\/comments?post=2635"}],"version-history":[{"count":1,"href":"https:\/\/www.radiomais.ao\/index.php\/wp-json\/wp\/v2\/posts\/2635\/revisions"}],"predecessor-version":[{"id":2637,"href":"https:\/\/www.radiomais.ao\/index.php\/wp-json\/wp\/v2\/posts\/2635\/revisions\/2637"}],"wp:featuredmedia":[{"embeddable":true,"href":"https:\/\/www.radiomais.ao\/index.php\/wp-json\/wp\/v2\/media\/2636"}],"wp:attachment":[{"href":"https:\/\/www.radiomais.ao\/index.php\/wp-json\/wp\/v2\/media?parent=2635"}],"wp:term":[{"taxonomy":"category","embeddable":true,"href":"https:\/\/www.radiomais.ao\/index.php\/wp-json\/wp\/v2\/categories?post=2635"},{"taxonomy":"post_tag","embeddable":true,"href":"https:\/\/www.radiomais.ao\/index.php\/wp-json\/wp\/v2\/tags?post=2635"}],"curies":[{"name":"wp","href":"https:\/\/api.w.org\/{rel}","templated":true}]}}