{"id":2638,"date":"2025-10-13T13:31:22","date_gmt":"2025-10-13T12:31:22","guid":{"rendered":"https:\/\/www.radiomais.ao\/?p=2638"},"modified":"2025-10-13T13:31:22","modified_gmt":"2025-10-13T12:31:22","slug":"fim-de-semana-em-luanda-marcado-por-17-acidentes-de-viacao-com-seis-mortos-e-26-feridos-graves","status":"publish","type":"post","link":"https:\/\/www.radiomais.ao\/index.php\/2025\/10\/13\/fim-de-semana-em-luanda-marcado-por-17-acidentes-de-viacao-com-seis-mortos-e-26-feridos-graves\/","title":{"rendered":"Fim de semana em Luanda marcado por 17 acidentes de via\u00e7\u00e3o com seis mortos e 26 feridos graves."},"content":{"rendered":"\n<p>As estradas de Luanda registaram, no \u00faltimo fim de semana, um total de 17 acidentes de via\u00e7\u00e3o, que resultaram em seis mortos e 26 feridos graves, cujas causas prendem-se essencialmente com o excesso de velocidade e a falta de precau\u00e7\u00e3o no exerc\u00edcio da condu\u00e7\u00e3o. Fonte <strong><em><a href=\"https:\/\/www.opais.ao\/ultimas_hora\/fim-de-semana-em-luanda-marcado-por-17-acidentes-de-viacao-com-seis-mortos-e-26-feridos-graves\/\">Opa\u00eds<\/a><\/em><\/strong><\/p>\n\n\n\n<p><\/p>\n","protected":false},"excerpt":{"rendered":"<p>As estradas de Luanda registaram, no \u00faltimo fim de semana, um total de 17 acidentes de via\u00e7\u00e3o, que resultaram em seis mortos e 26 feridos graves, cujas causas prendem-se essencialmente com o excesso de velocidade e a falta de precau\u00e7\u00e3o no exerc\u00edcio da condu\u00e7\u00e3o. Fonte Opa\u00eds<\/p>\n","protected":false},"author":3,"featured_media":2639,"comment_status":"open","ping_status":"open","sticky":false,"template":"","format":"standard","meta":{"footnotes":""},"categories":[16],"tags":[138,918,919],"class_list":["post-2638","post","type-post","status-publish","format-standard","has-post-thumbnail","hentry","category-actualidade","tag-acidentes","tag-em-luanda","tag-fim-de-semana"],"blocksy_meta":[],"_links":{"self":[{"href":"https:\/\/www.radiomais.ao\/index.php\/wp-json\/wp\/v2\/posts\/2638","targetHints":{"allow":["GET"]}}],"collection":[{"href":"https:\/\/www.radiomais.ao\/index.php\/wp-json\/wp\/v2\/posts"}],"about":[{"href":"https:\/\/www.radiomais.ao\/index.php\/wp-json\/wp\/v2\/types\/post"}],"author":[{"embeddable":true,"href":"https:\/\/www.radiomais.ao\/index.php\/wp-json\/wp\/v2\/users\/3"}],"replies":[{"embeddable":true,"href":"https:\/\/www.radiomais.ao\/index.php\/wp-json\/wp\/v2\/comments?post=2638"}],"version-history":[{"count":1,"href":"https:\/\/www.radiomais.ao\/index.php\/wp-json\/wp\/v2\/posts\/2638\/revisions"}],"predecessor-version":[{"id":2640,"href":"https:\/\/www.radiomais.ao\/index.php\/wp-json\/wp\/v2\/posts\/2638\/revisions\/2640"}],"wp:featuredmedia":[{"embeddable":true,"href":"https:\/\/www.radiomais.ao\/index.php\/wp-json\/wp\/v2\/media\/2639"}],"wp:attachment":[{"href":"https:\/\/www.radiomais.ao\/index.php\/wp-json\/wp\/v2\/media?parent=2638"}],"wp:term":[{"taxonomy":"category","embeddable":true,"href":"https:\/\/www.radiomais.ao\/index.php\/wp-json\/wp\/v2\/categories?post=2638"},{"taxonomy":"post_tag","embeddable":true,"href":"https:\/\/www.radiomais.ao\/index.php\/wp-json\/wp\/v2\/tags?post=2638"}],"curies":[{"name":"wp","href":"https:\/\/api.w.org\/{rel}","templated":true}]}}