{"id":2641,"date":"2025-10-13T13:34:48","date_gmt":"2025-10-13T12:34:48","guid":{"rendered":"https:\/\/www.radiomais.ao\/?p=2641"},"modified":"2025-10-13T13:34:48","modified_gmt":"2025-10-13T12:34:48","slug":"desmantelado-grupo-criminoso-por-roubo-de-placas-na-centralidade-do-kilamba","status":"publish","type":"post","link":"https:\/\/www.radiomais.ao\/index.php\/2025\/10\/13\/desmantelado-grupo-criminoso-por-roubo-de-placas-na-centralidade-do-kilamba\/","title":{"rendered":"Desmantelado grupo criminoso por roubo de placas na Centralidade do Kilamba."},"content":{"rendered":"\n<p>A Pol\u00edcia Nacional no munic\u00edpio do Kilamba anunciou, nesta segunda-feira, 13, o desmantelamento de um grupo criminoso que se dedicava ao furto de matr\u00edculas de ve\u00edculos autom\u00f3veis na Centralidade do Kilamba. Fonte<strong><em><a href=\"https:\/\/www.opais.ao\/ultimas_hora\/desmantelado-grupo-criminoso-por-roubo-de-placas-na-centralidade-do-kilamba\/\"> Opa\u00eds<\/a><\/em><\/strong><\/p>\n","protected":false},"excerpt":{"rendered":"<p>A Pol\u00edcia Nacional no munic\u00edpio do Kilamba anunciou, nesta segunda-feira, 13, o desmantelamento de um grupo criminoso que se dedicava ao furto de matr\u00edculas de ve\u00edculos autom\u00f3veis na Centralidade do Kilamba. Fonte Opa\u00eds<\/p>\n","protected":false},"author":3,"featured_media":2642,"comment_status":"open","ping_status":"open","sticky":false,"template":"","format":"standard","meta":{"footnotes":""},"categories":[16],"tags":[922,921,106,920],"class_list":["post-2641","post","type-post","status-publish","format-standard","has-post-thumbnail","hentry","category-actualidade","tag-detidos","tag-grupo","tag-kilamba","tag-roubo-de-placas"],"blocksy_meta":[],"_links":{"self":[{"href":"https:\/\/www.radiomais.ao\/index.php\/wp-json\/wp\/v2\/posts\/2641","targetHints":{"allow":["GET"]}}],"collection":[{"href":"https:\/\/www.radiomais.ao\/index.php\/wp-json\/wp\/v2\/posts"}],"about":[{"href":"https:\/\/www.radiomais.ao\/index.php\/wp-json\/wp\/v2\/types\/post"}],"author":[{"embeddable":true,"href":"https:\/\/www.radiomais.ao\/index.php\/wp-json\/wp\/v2\/users\/3"}],"replies":[{"embeddable":true,"href":"https:\/\/www.radiomais.ao\/index.php\/wp-json\/wp\/v2\/comments?post=2641"}],"version-history":[{"count":1,"href":"https:\/\/www.radiomais.ao\/index.php\/wp-json\/wp\/v2\/posts\/2641\/revisions"}],"predecessor-version":[{"id":2643,"href":"https:\/\/www.radiomais.ao\/index.php\/wp-json\/wp\/v2\/posts\/2641\/revisions\/2643"}],"wp:featuredmedia":[{"embeddable":true,"href":"https:\/\/www.radiomais.ao\/index.php\/wp-json\/wp\/v2\/media\/2642"}],"wp:attachment":[{"href":"https:\/\/www.radiomais.ao\/index.php\/wp-json\/wp\/v2\/media?parent=2641"}],"wp:term":[{"taxonomy":"category","embeddable":true,"href":"https:\/\/www.radiomais.ao\/index.php\/wp-json\/wp\/v2\/categories?post=2641"},{"taxonomy":"post_tag","embeddable":true,"href":"https:\/\/www.radiomais.ao\/index.php\/wp-json\/wp\/v2\/tags?post=2641"}],"curies":[{"name":"wp","href":"https:\/\/api.w.org\/{rel}","templated":true}]}}