{"id":2645,"date":"2025-10-15T10:37:27","date_gmt":"2025-10-15T09:37:27","guid":{"rendered":"https:\/\/www.radiomais.ao\/?p=2645"},"modified":"2025-10-15T10:38:27","modified_gmt":"2025-10-15T09:38:27","slug":"o-que-se-espera-do-discurso-sobre-o-estado-da-nacao-de-joao-lourenco","status":"publish","type":"post","link":"https:\/\/www.radiomais.ao\/index.php\/2025\/10\/15\/o-que-se-espera-do-discurso-sobre-o-estado-da-nacao-de-joao-lourenco\/","title":{"rendered":"o que se espera do Discurso sobre o Estado da Na\u00e7\u00e3o de Jo\u00e3o Louren\u00e7o?"},"content":{"rendered":"\n<p><strong>O Presidente da Rep\u00fablica, Jo\u00e3o Louren\u00e7o, dirige hoje \u00e0 Na\u00e7\u00e3o a tradicional mensagem sobre o Estado da Na\u00e7\u00e3o, na sess\u00e3o solene de abertura do 4.\u00ba Ano Legislativo da 5\u00aa Legislatura. O pronunciamento, aguardado com elevada expectativa, dever\u00e1 tra\u00e7ar o balan\u00e7o da governa\u00e7\u00e3o, reafirmar as prioridades pol\u00edticas e econ\u00f3micas do Executivo e projectar o rumo do pa\u00eds a menos de dois anos do fim do mandato. Juristas, analistas e acad\u00e9micos antecipam um discurso marcado pela avalia\u00e7\u00e3o do consulado e por leituras pol\u00edticas sobre o actual momento nacional<\/strong>. Fonte <strong><em><a href=\"https:\/\/www.opais.ao\/politica\/entre-o-balanco-e-o-futuro-o-que-se-espera-do-discurso-sobre-o-estado-da-nacao-de-joao-lourenco\/\">Opa\u00eds<\/a><\/em><\/strong><\/p>\n","protected":false},"excerpt":{"rendered":"<p>O Presidente da Rep\u00fablica, Jo\u00e3o Louren\u00e7o, dirige hoje \u00e0 Na\u00e7\u00e3o a tradicional mensagem sobre o Estado da Na\u00e7\u00e3o, na sess\u00e3o solene de abertura do 4.\u00ba Ano Legislativo da 5\u00aa Legislatura. O pronunciamento, aguardado com elevada expectativa, dever\u00e1 tra\u00e7ar o balan\u00e7o da governa\u00e7\u00e3o, reafirmar as prioridades pol\u00edticas e econ\u00f3micas do Executivo e projectar o rumo do [&hellip;]<\/p>\n","protected":false},"author":3,"featured_media":2646,"comment_status":"open","ping_status":"open","sticky":false,"template":"","format":"standard","meta":{"footnotes":""},"categories":[],"tags":[22,923,924],"class_list":["post-2645","post","type-post","status-publish","format-standard","has-post-thumbnail","hentry","tag-destaque","tag-discurso","tag-estado-da-nacao"],"blocksy_meta":[],"_links":{"self":[{"href":"https:\/\/www.radiomais.ao\/index.php\/wp-json\/wp\/v2\/posts\/2645","targetHints":{"allow":["GET"]}}],"collection":[{"href":"https:\/\/www.radiomais.ao\/index.php\/wp-json\/wp\/v2\/posts"}],"about":[{"href":"https:\/\/www.radiomais.ao\/index.php\/wp-json\/wp\/v2\/types\/post"}],"author":[{"embeddable":true,"href":"https:\/\/www.radiomais.ao\/index.php\/wp-json\/wp\/v2\/users\/3"}],"replies":[{"embeddable":true,"href":"https:\/\/www.radiomais.ao\/index.php\/wp-json\/wp\/v2\/comments?post=2645"}],"version-history":[{"count":1,"href":"https:\/\/www.radiomais.ao\/index.php\/wp-json\/wp\/v2\/posts\/2645\/revisions"}],"predecessor-version":[{"id":2647,"href":"https:\/\/www.radiomais.ao\/index.php\/wp-json\/wp\/v2\/posts\/2645\/revisions\/2647"}],"wp:featuredmedia":[{"embeddable":true,"href":"https:\/\/www.radiomais.ao\/index.php\/wp-json\/wp\/v2\/media\/2646"}],"wp:attachment":[{"href":"https:\/\/www.radiomais.ao\/index.php\/wp-json\/wp\/v2\/media?parent=2645"}],"wp:term":[{"taxonomy":"category","embeddable":true,"href":"https:\/\/www.radiomais.ao\/index.php\/wp-json\/wp\/v2\/categories?post=2645"},{"taxonomy":"post_tag","embeddable":true,"href":"https:\/\/www.radiomais.ao\/index.php\/wp-json\/wp\/v2\/tags?post=2645"}],"curies":[{"name":"wp","href":"https:\/\/api.w.org\/{rel}","templated":true}]}}