{"id":2648,"date":"2025-10-15T10:47:36","date_gmt":"2025-10-15T09:47:36","guid":{"rendered":"https:\/\/www.radiomais.ao\/?p=2648"},"modified":"2025-10-15T10:47:36","modified_gmt":"2025-10-15T09:47:36","slug":"convidados-chegam-a-assembleia-nacional-para-ouvir-o-discurso-sobre-o-estado-da-nacao","status":"publish","type":"post","link":"https:\/\/www.radiomais.ao\/index.php\/2025\/10\/15\/convidados-chegam-a-assembleia-nacional-para-ouvir-o-discurso-sobre-o-estado-da-nacao\/","title":{"rendered":"Convidados chegam a Assembleia Nacional para ouvir o discurso sobre o Estado da Na\u00e7\u00e3o."},"content":{"rendered":"\n<p>O Presidente da Rep\u00fablica, Jo\u00e3o Louren\u00e7o, discursa hoje na Assembleia Nacional para a tradicional mensagem sobre o Estado da Na\u00e7\u00e3o, um evento que suscita rea\u00e7\u00f5es de diversos segmentos da sociedade. Fonte <strong><em><a href=\"https:\/\/www.opais.ao\/politica\/convidados-chegam-a-assembleia-nacional-para-ouvir-o-discurso-sobre-o-estado-da-nacao\/\">Opa\u00eds<\/a><\/em><\/strong><\/p>\n\n\n\n<p><\/p>\n","protected":false},"excerpt":{"rendered":"<p>O Presidente da Rep\u00fablica, Jo\u00e3o Louren\u00e7o, discursa hoje na Assembleia Nacional para a tradicional mensagem sobre o Estado da Na\u00e7\u00e3o, um evento que suscita rea\u00e7\u00f5es de diversos segmentos da sociedade. Fonte Opa\u00eds<\/p>\n","protected":false},"author":3,"featured_media":2649,"comment_status":"open","ping_status":"open","sticky":false,"template":"","format":"standard","meta":{"footnotes":""},"categories":[16],"tags":[927,926,925],"class_list":["post-2648","post","type-post","status-publish","format-standard","has-post-thumbnail","hentry","category-actualidade","tag-convidados","tag-discuros","tag-estado-na-nacao"],"blocksy_meta":[],"_links":{"self":[{"href":"https:\/\/www.radiomais.ao\/index.php\/wp-json\/wp\/v2\/posts\/2648","targetHints":{"allow":["GET"]}}],"collection":[{"href":"https:\/\/www.radiomais.ao\/index.php\/wp-json\/wp\/v2\/posts"}],"about":[{"href":"https:\/\/www.radiomais.ao\/index.php\/wp-json\/wp\/v2\/types\/post"}],"author":[{"embeddable":true,"href":"https:\/\/www.radiomais.ao\/index.php\/wp-json\/wp\/v2\/users\/3"}],"replies":[{"embeddable":true,"href":"https:\/\/www.radiomais.ao\/index.php\/wp-json\/wp\/v2\/comments?post=2648"}],"version-history":[{"count":1,"href":"https:\/\/www.radiomais.ao\/index.php\/wp-json\/wp\/v2\/posts\/2648\/revisions"}],"predecessor-version":[{"id":2650,"href":"https:\/\/www.radiomais.ao\/index.php\/wp-json\/wp\/v2\/posts\/2648\/revisions\/2650"}],"wp:featuredmedia":[{"embeddable":true,"href":"https:\/\/www.radiomais.ao\/index.php\/wp-json\/wp\/v2\/media\/2649"}],"wp:attachment":[{"href":"https:\/\/www.radiomais.ao\/index.php\/wp-json\/wp\/v2\/media?parent=2648"}],"wp:term":[{"taxonomy":"category","embeddable":true,"href":"https:\/\/www.radiomais.ao\/index.php\/wp-json\/wp\/v2\/categories?post=2648"},{"taxonomy":"post_tag","embeddable":true,"href":"https:\/\/www.radiomais.ao\/index.php\/wp-json\/wp\/v2\/tags?post=2648"}],"curies":[{"name":"wp","href":"https:\/\/api.w.org\/{rel}","templated":true}]}}