{"id":2651,"date":"2025-10-15T10:53:23","date_gmt":"2025-10-15T09:53:23","guid":{"rendered":"https:\/\/www.radiomais.ao\/?p=2651"},"modified":"2025-10-15T10:53:23","modified_gmt":"2025-10-15T09:53:23","slug":"relatorio-alerta-para-cobranca-de-altas-taxas-aeroportuarias-em-angola","status":"publish","type":"post","link":"https:\/\/www.radiomais.ao\/index.php\/2025\/10\/15\/relatorio-alerta-para-cobranca-de-altas-taxas-aeroportuarias-em-angola\/","title":{"rendered":"Relat\u00f3rio alerta para cobran\u00e7a de altas taxas aeroportu\u00e1rias em Angola."},"content":{"rendered":"\n<p><strong>Angola figura na lista dos pa\u00edses que lideram as cobran\u00e7as mais caras de \u00c1frica para companhias a\u00e9reas, segundo o \u00faltimo relat\u00f3rio da Associa\u00e7\u00e3o das Companhias A\u00e9reas Africanas (AFRAA), que aponta para o elevado pre\u00e7o das taxas aeroportu\u00e1rias<\/strong>. Fonte<strong><em><a href=\"https:\/\/www.opais.ao\/economia\/relatorio-alerta-para-cobranca-de-altas-taxas-aeroportuarias-em-angola\/\"> Opa\u00eds<\/a><\/em><\/strong><\/p>\n","protected":false},"excerpt":{"rendered":"<p>Angola figura na lista dos pa\u00edses que lideram as cobran\u00e7as mais caras de \u00c1frica para companhias a\u00e9reas, segundo o \u00faltimo relat\u00f3rio da Associa\u00e7\u00e3o das Companhias A\u00e9reas Africanas (AFRAA), que aponta para o elevado pre\u00e7o das taxas aeroportu\u00e1rias. Fonte Opa\u00eds<\/p>\n","protected":false},"author":3,"featured_media":2652,"comment_status":"open","ping_status":"open","sticky":false,"template":"","format":"standard","meta":{"footnotes":""},"categories":[16],"tags":[929,928,511],"class_list":["post-2651","post","type-post","status-publish","format-standard","has-post-thumbnail","hentry","category-actualidade","tag-aeroportuarias","tag-cobranca-altas-taxas","tag-taag"],"blocksy_meta":[],"_links":{"self":[{"href":"https:\/\/www.radiomais.ao\/index.php\/wp-json\/wp\/v2\/posts\/2651","targetHints":{"allow":["GET"]}}],"collection":[{"href":"https:\/\/www.radiomais.ao\/index.php\/wp-json\/wp\/v2\/posts"}],"about":[{"href":"https:\/\/www.radiomais.ao\/index.php\/wp-json\/wp\/v2\/types\/post"}],"author":[{"embeddable":true,"href":"https:\/\/www.radiomais.ao\/index.php\/wp-json\/wp\/v2\/users\/3"}],"replies":[{"embeddable":true,"href":"https:\/\/www.radiomais.ao\/index.php\/wp-json\/wp\/v2\/comments?post=2651"}],"version-history":[{"count":1,"href":"https:\/\/www.radiomais.ao\/index.php\/wp-json\/wp\/v2\/posts\/2651\/revisions"}],"predecessor-version":[{"id":2653,"href":"https:\/\/www.radiomais.ao\/index.php\/wp-json\/wp\/v2\/posts\/2651\/revisions\/2653"}],"wp:featuredmedia":[{"embeddable":true,"href":"https:\/\/www.radiomais.ao\/index.php\/wp-json\/wp\/v2\/media\/2652"}],"wp:attachment":[{"href":"https:\/\/www.radiomais.ao\/index.php\/wp-json\/wp\/v2\/media?parent=2651"}],"wp:term":[{"taxonomy":"category","embeddable":true,"href":"https:\/\/www.radiomais.ao\/index.php\/wp-json\/wp\/v2\/categories?post=2651"},{"taxonomy":"post_tag","embeddable":true,"href":"https:\/\/www.radiomais.ao\/index.php\/wp-json\/wp\/v2\/tags?post=2651"}],"curies":[{"name":"wp","href":"https:\/\/api.w.org\/{rel}","templated":true}]}}