{"id":2657,"date":"2025-10-15T11:02:02","date_gmt":"2025-10-15T10:02:02","guid":{"rendered":"https:\/\/www.radiomais.ao\/?p=2657"},"modified":"2025-10-15T11:02:02","modified_gmt":"2025-10-15T10:02:02","slug":"angola-hub-transporte-e-logistica-vai-distinguir-10-empresas-da-sadc-com-trabalho-consideravel-no-sector","status":"publish","type":"post","link":"https:\/\/www.radiomais.ao\/index.php\/2025\/10\/15\/angola-hub-transporte-e-logistica-vai-distinguir-10-empresas-da-sadc-com-trabalho-consideravel-no-sector\/","title":{"rendered":"Angola Hub Transporte e Log\u00edstica vai distinguir 10 empresas da SADC com trabalho consider\u00e1vel no sector"},"content":{"rendered":"\n<p><strong>Foi ontem, 14 de Outubro, lan\u00e7ada a primeira edi\u00e7\u00e3o do Angola Hub Transporte e Log\u00edstica Summit, evento que pretende mostrar o que est\u00e1 a ser feito em termos de transporte e log\u00edstica na regi\u00e3o e, em particular, em Angola<\/strong>. Fonte <strong><em><a href=\"https:\/\/www.opais.ao\/economia\/angola-hub-transporte-e-logistica-vai-distinguir-10-empresas-da-sadc-com-trabalho-consideravel-no-sector\/\">Opa\u00eds<\/a><\/em><\/strong><\/p>\n\n\n\n<p><\/p>\n","protected":false},"excerpt":{"rendered":"<p>Foi ontem, 14 de Outubro, lan\u00e7ada a primeira edi\u00e7\u00e3o do Angola Hub Transporte e Log\u00edstica Summit, evento que pretende mostrar o que est\u00e1 a ser feito em termos de transporte e log\u00edstica na regi\u00e3o e, em particular, em Angola. Fonte Opa\u00eds<\/p>\n","protected":false},"author":3,"featured_media":2658,"comment_status":"open","ping_status":"open","sticky":false,"template":"","format":"standard","meta":{"footnotes":""},"categories":[16],"tags":[933,934],"class_list":["post-2657","post","type-post","status-publish","format-standard","has-post-thumbnail","hentry","category-actualidade","tag-angola-hub-transportes","tag-logistica"],"blocksy_meta":[],"_links":{"self":[{"href":"https:\/\/www.radiomais.ao\/index.php\/wp-json\/wp\/v2\/posts\/2657","targetHints":{"allow":["GET"]}}],"collection":[{"href":"https:\/\/www.radiomais.ao\/index.php\/wp-json\/wp\/v2\/posts"}],"about":[{"href":"https:\/\/www.radiomais.ao\/index.php\/wp-json\/wp\/v2\/types\/post"}],"author":[{"embeddable":true,"href":"https:\/\/www.radiomais.ao\/index.php\/wp-json\/wp\/v2\/users\/3"}],"replies":[{"embeddable":true,"href":"https:\/\/www.radiomais.ao\/index.php\/wp-json\/wp\/v2\/comments?post=2657"}],"version-history":[{"count":1,"href":"https:\/\/www.radiomais.ao\/index.php\/wp-json\/wp\/v2\/posts\/2657\/revisions"}],"predecessor-version":[{"id":2659,"href":"https:\/\/www.radiomais.ao\/index.php\/wp-json\/wp\/v2\/posts\/2657\/revisions\/2659"}],"wp:featuredmedia":[{"embeddable":true,"href":"https:\/\/www.radiomais.ao\/index.php\/wp-json\/wp\/v2\/media\/2658"}],"wp:attachment":[{"href":"https:\/\/www.radiomais.ao\/index.php\/wp-json\/wp\/v2\/media?parent=2657"}],"wp:term":[{"taxonomy":"category","embeddable":true,"href":"https:\/\/www.radiomais.ao\/index.php\/wp-json\/wp\/v2\/categories?post=2657"},{"taxonomy":"post_tag","embeddable":true,"href":"https:\/\/www.radiomais.ao\/index.php\/wp-json\/wp\/v2\/tags?post=2657"}],"curies":[{"name":"wp","href":"https:\/\/api.w.org\/{rel}","templated":true}]}}