{"id":2663,"date":"2025-10-15T11:08:53","date_gmt":"2025-10-15T10:08:53","guid":{"rendered":"https:\/\/www.radiomais.ao\/?p=2663"},"modified":"2025-10-15T11:08:53","modified_gmt":"2025-10-15T10:08:53","slug":"unicef-reconhece-avancos-significativos-de-angola-no-acesso-a-agua","status":"publish","type":"post","link":"https:\/\/www.radiomais.ao\/index.php\/2025\/10\/15\/unicef-reconhece-avancos-significativos-de-angola-no-acesso-a-agua\/","title":{"rendered":"UNICEF reconhece avan\u00e7os significativos de Angola no acesso \u00e0 \u00e1gua."},"content":{"rendered":"\n<p><strong>O Minist\u00e9rio da Energia e \u00c1guas realizou, nesta Ter\u00e7a-feira, o F\u00f3rum Nacional de \u00c1gua e Saneamento (FONAS), edi\u00e7\u00e3o 2025. O evento reuniu entidades ligadas ao Minist\u00e9rio das Energias e \u00c1gua, ao Minist\u00e9rio do Ambiente, v\u00e1rios parceiros do sector de \u00e1gua, saneamento e higiene, a academia, a sociedade civil para que discutir o acesso universal \u00e0 \u00e1gua e ao saneamento em Angola<\/strong>. Fonte <strong><em><a href=\"https:\/\/www.opais.ao\/sociedade\/unicef-reconhece-avancos-significativos-de-angola-no-acesso-a-agua\/\">Opa\u00eds<\/a><\/em><\/strong><\/p>\n","protected":false},"excerpt":{"rendered":"<p>O Minist\u00e9rio da Energia e \u00c1guas realizou, nesta Ter\u00e7a-feira, o F\u00f3rum Nacional de \u00c1gua e Saneamento (FONAS), edi\u00e7\u00e3o 2025. O evento reuniu entidades ligadas ao Minist\u00e9rio das Energias e \u00c1gua, ao Minist\u00e9rio do Ambiente, v\u00e1rios parceiros do sector de \u00e1gua, saneamento e higiene, a academia, a sociedade civil para que discutir o acesso universal \u00e0 [&hellip;]<\/p>\n","protected":false},"author":3,"featured_media":2664,"comment_status":"open","ping_status":"open","sticky":false,"template":"","format":"standard","meta":{"footnotes":""},"categories":[16],"tags":[75,938,937],"class_list":["post-2663","post","type-post","status-publish","format-standard","has-post-thumbnail","hentry","category-actualidade","tag-angola","tag-reconhecimento","tag-unicef"],"blocksy_meta":[],"_links":{"self":[{"href":"https:\/\/www.radiomais.ao\/index.php\/wp-json\/wp\/v2\/posts\/2663","targetHints":{"allow":["GET"]}}],"collection":[{"href":"https:\/\/www.radiomais.ao\/index.php\/wp-json\/wp\/v2\/posts"}],"about":[{"href":"https:\/\/www.radiomais.ao\/index.php\/wp-json\/wp\/v2\/types\/post"}],"author":[{"embeddable":true,"href":"https:\/\/www.radiomais.ao\/index.php\/wp-json\/wp\/v2\/users\/3"}],"replies":[{"embeddable":true,"href":"https:\/\/www.radiomais.ao\/index.php\/wp-json\/wp\/v2\/comments?post=2663"}],"version-history":[{"count":1,"href":"https:\/\/www.radiomais.ao\/index.php\/wp-json\/wp\/v2\/posts\/2663\/revisions"}],"predecessor-version":[{"id":2665,"href":"https:\/\/www.radiomais.ao\/index.php\/wp-json\/wp\/v2\/posts\/2663\/revisions\/2665"}],"wp:featuredmedia":[{"embeddable":true,"href":"https:\/\/www.radiomais.ao\/index.php\/wp-json\/wp\/v2\/media\/2664"}],"wp:attachment":[{"href":"https:\/\/www.radiomais.ao\/index.php\/wp-json\/wp\/v2\/media?parent=2663"}],"wp:term":[{"taxonomy":"category","embeddable":true,"href":"https:\/\/www.radiomais.ao\/index.php\/wp-json\/wp\/v2\/categories?post=2663"},{"taxonomy":"post_tag","embeddable":true,"href":"https:\/\/www.radiomais.ao\/index.php\/wp-json\/wp\/v2\/tags?post=2663"}],"curies":[{"name":"wp","href":"https:\/\/api.w.org\/{rel}","templated":true}]}}