{"id":2669,"date":"2025-10-15T11:16:27","date_gmt":"2025-10-15T10:16:27","guid":{"rendered":"https:\/\/www.radiomais.ao\/?p=2669"},"modified":"2025-10-15T11:16:27","modified_gmt":"2025-10-15T10:16:27","slug":"ministerio-da-saude-outorga-primeiros-399-especialistas-em-medicina-geral-e-familiar","status":"publish","type":"post","link":"https:\/\/www.radiomais.ao\/index.php\/2025\/10\/15\/ministerio-da-saude-outorga-primeiros-399-especialistas-em-medicina-geral-e-familiar\/","title":{"rendered":"Minist\u00e9rio da Sa\u00fade outorga primeiros 399 especialistas em Medicina Geral e Familiar."},"content":{"rendered":"\n<p><strong>O Minist\u00e9rio da Sa\u00fade outorgou, esta quinta-feira, em Luanda, os primeiros 399 especialistas em Medicina Geral e Familiar, formados no \u00e2mbito do Programa Emergencial de Forma\u00e7\u00e3o em Recursos Humanos para a Cobertura Universal em Sa\u00fade, financiado pelo Banco Mundial e impulsionado pelo Presidente da Rep\u00fablica, Jo\u00e3o Manuel Gon\u00e7alves Louren\u00e7o<\/strong>. Fonte <strong><em><a href=\"https:\/\/www.opais.ao\/sociedade\/ministerio-da-saude-outorga-primeiros-399-especialistas-em-medicina-geral-e-familiar\/\">Opa\u00eds<\/a><\/em><\/strong><\/p>\n","protected":false},"excerpt":{"rendered":"<p>O Minist\u00e9rio da Sa\u00fade outorgou, esta quinta-feira, em Luanda, os primeiros 399 especialistas em Medicina Geral e Familiar, formados no \u00e2mbito do Programa Emergencial de Forma\u00e7\u00e3o em Recursos Humanos para a Cobertura Universal em Sa\u00fade, financiado pelo Banco Mundial e impulsionado pelo Presidente da Rep\u00fablica, Jo\u00e3o Manuel Gon\u00e7alves Louren\u00e7o. Fonte Opa\u00eds<\/p>\n","protected":false},"author":3,"featured_media":2670,"comment_status":"open","ping_status":"open","sticky":false,"template":"","format":"standard","meta":{"footnotes":""},"categories":[16],"tags":[941,942,579],"class_list":["post-2669","post","type-post","status-publish","format-standard","has-post-thumbnail","hentry","category-actualidade","tag-399-especialistas","tag-medicina-geral","tag-minsa"],"blocksy_meta":[],"_links":{"self":[{"href":"https:\/\/www.radiomais.ao\/index.php\/wp-json\/wp\/v2\/posts\/2669","targetHints":{"allow":["GET"]}}],"collection":[{"href":"https:\/\/www.radiomais.ao\/index.php\/wp-json\/wp\/v2\/posts"}],"about":[{"href":"https:\/\/www.radiomais.ao\/index.php\/wp-json\/wp\/v2\/types\/post"}],"author":[{"embeddable":true,"href":"https:\/\/www.radiomais.ao\/index.php\/wp-json\/wp\/v2\/users\/3"}],"replies":[{"embeddable":true,"href":"https:\/\/www.radiomais.ao\/index.php\/wp-json\/wp\/v2\/comments?post=2669"}],"version-history":[{"count":1,"href":"https:\/\/www.radiomais.ao\/index.php\/wp-json\/wp\/v2\/posts\/2669\/revisions"}],"predecessor-version":[{"id":2671,"href":"https:\/\/www.radiomais.ao\/index.php\/wp-json\/wp\/v2\/posts\/2669\/revisions\/2671"}],"wp:featuredmedia":[{"embeddable":true,"href":"https:\/\/www.radiomais.ao\/index.php\/wp-json\/wp\/v2\/media\/2670"}],"wp:attachment":[{"href":"https:\/\/www.radiomais.ao\/index.php\/wp-json\/wp\/v2\/media?parent=2669"}],"wp:term":[{"taxonomy":"category","embeddable":true,"href":"https:\/\/www.radiomais.ao\/index.php\/wp-json\/wp\/v2\/categories?post=2669"},{"taxonomy":"post_tag","embeddable":true,"href":"https:\/\/www.radiomais.ao\/index.php\/wp-json\/wp\/v2\/tags?post=2669"}],"curies":[{"name":"wp","href":"https:\/\/api.w.org\/{rel}","templated":true}]}}