{"id":2672,"date":"2025-10-15T11:19:55","date_gmt":"2025-10-15T10:19:55","guid":{"rendered":"https:\/\/www.radiomais.ao\/?p=2672"},"modified":"2025-10-15T11:19:55","modified_gmt":"2025-10-15T10:19:55","slug":"gpl-reforca-capacidade-operativa-do-saneamento-com-novos-meios","status":"publish","type":"post","link":"https:\/\/www.radiomais.ao\/index.php\/2025\/10\/15\/gpl-reforca-capacidade-operativa-do-saneamento-com-novos-meios\/","title":{"rendered":"GPL refor\u00e7a capacidade operativa do saneamento com novos meios."},"content":{"rendered":"\n<p><strong>O Governador Provincial de Luanda, Lu\u00eds Manuel da Fonseca Nunes, procedeu nesta ter\u00e7a-feira, na Ba\u00eda de Luanda, \u00e0 entrega de mais de 60 novos meios \u00e0 Unidade T\u00e9cnica de Gest\u00e3o do Saneamento de Luanda (UTGSL), \u00e0 Empresa de Limpeza e Saneamento de Luanda (Elisal) e \u00e0s administra\u00e7\u00f5es municipais da Maianga e da Ingombota, com vista ao refor\u00e7o da capacidade operativa e \u00e0 melhoria das condi\u00e7\u00f5es de limpeza da capital<\/strong>. Fonte<strong><em><a href=\"https:\/\/www.opais.ao\/sociedade\/gpl-reforca-capacidade-operativa-do-saneamento-com-novos-meios\/\"> Opa\u00eds<\/a><\/em><\/strong><\/p>\n","protected":false},"excerpt":{"rendered":"<p>O Governador Provincial de Luanda, Lu\u00eds Manuel da Fonseca Nunes, procedeu nesta ter\u00e7a-feira, na Ba\u00eda de Luanda, \u00e0 entrega de mais de 60 novos meios \u00e0 Unidade T\u00e9cnica de Gest\u00e3o do Saneamento de Luanda (UTGSL), \u00e0 Empresa de Limpeza e Saneamento de Luanda (Elisal) e \u00e0s administra\u00e7\u00f5es municipais da Maianga e da Ingombota, com vista [&hellip;]<\/p>\n","protected":false},"author":3,"featured_media":2673,"comment_status":"open","ping_status":"open","sticky":false,"template":"","format":"standard","meta":{"footnotes":""},"categories":[16],"tags":[290,944,943],"class_list":["post-2672","post","type-post","status-publish","format-standard","has-post-thumbnail","hentry","category-actualidade","tag-gpl","tag-novos-meios","tag-reforca-capacidade-operativa"],"blocksy_meta":[],"_links":{"self":[{"href":"https:\/\/www.radiomais.ao\/index.php\/wp-json\/wp\/v2\/posts\/2672","targetHints":{"allow":["GET"]}}],"collection":[{"href":"https:\/\/www.radiomais.ao\/index.php\/wp-json\/wp\/v2\/posts"}],"about":[{"href":"https:\/\/www.radiomais.ao\/index.php\/wp-json\/wp\/v2\/types\/post"}],"author":[{"embeddable":true,"href":"https:\/\/www.radiomais.ao\/index.php\/wp-json\/wp\/v2\/users\/3"}],"replies":[{"embeddable":true,"href":"https:\/\/www.radiomais.ao\/index.php\/wp-json\/wp\/v2\/comments?post=2672"}],"version-history":[{"count":1,"href":"https:\/\/www.radiomais.ao\/index.php\/wp-json\/wp\/v2\/posts\/2672\/revisions"}],"predecessor-version":[{"id":2674,"href":"https:\/\/www.radiomais.ao\/index.php\/wp-json\/wp\/v2\/posts\/2672\/revisions\/2674"}],"wp:featuredmedia":[{"embeddable":true,"href":"https:\/\/www.radiomais.ao\/index.php\/wp-json\/wp\/v2\/media\/2673"}],"wp:attachment":[{"href":"https:\/\/www.radiomais.ao\/index.php\/wp-json\/wp\/v2\/media?parent=2672"}],"wp:term":[{"taxonomy":"category","embeddable":true,"href":"https:\/\/www.radiomais.ao\/index.php\/wp-json\/wp\/v2\/categories?post=2672"},{"taxonomy":"post_tag","embeddable":true,"href":"https:\/\/www.radiomais.ao\/index.php\/wp-json\/wp\/v2\/tags?post=2672"}],"curies":[{"name":"wp","href":"https:\/\/api.w.org\/{rel}","templated":true}]}}