{"id":2678,"date":"2025-10-15T13:22:26","date_gmt":"2025-10-15T12:22:26","guid":{"rendered":"https:\/\/www.radiomais.ao\/?p=2678"},"modified":"2025-10-15T13:22:26","modified_gmt":"2025-10-15T12:22:26","slug":"joao-lourenco-anuncia-admissao-de-mais-de-60-mil-funcionarios-para-o-sector-da-educacao","status":"publish","type":"post","link":"https:\/\/www.radiomais.ao\/index.php\/2025\/10\/15\/joao-lourenco-anuncia-admissao-de-mais-de-60-mil-funcionarios-para-o-sector-da-educacao\/","title":{"rendered":"Jo\u00e3o Louren\u00e7o anuncia admiss\u00e3o de mais de 60 mil funcion\u00e1rios para o sector da Educa\u00e7\u00e3o."},"content":{"rendered":"\n<p>O Presidente da Rep\u00fablica, Jo\u00e3o Louren\u00e7o, revelou um investimento no sector da Educa\u00e7\u00e3o, anunciando a promo\u00e7\u00e3o de 133.459 professores atrav\u00e9s do concurso p\u00fablico aberto em 2021. Fonte <strong><em><a href=\"https:\/\/www.opais.ao\/politica\/joao-lourenco-anuncia-admissao-de-mais-de-60-mil-funcionarios-para-o-sector-da-educacao\/\">Opa\u00eds<\/a><\/em><\/strong><\/p>\n","protected":false},"excerpt":{"rendered":"<p>O Presidente da Rep\u00fablica, Jo\u00e3o Louren\u00e7o, revelou um investimento no sector da Educa\u00e7\u00e3o, anunciando a promo\u00e7\u00e3o de 133.459 professores atrav\u00e9s do concurso p\u00fablico aberto em 2021. Fonte Opa\u00eds<\/p>\n","protected":false},"author":3,"featured_media":2679,"comment_status":"open","ping_status":"open","sticky":false,"template":"","format":"standard","meta":{"footnotes":""},"categories":[16],"tags":[948,949],"class_list":["post-2678","post","type-post","status-publish","format-standard","has-post-thumbnail","hentry","category-actualidade","tag-60-mil-funcionarios","tag-educacao"],"blocksy_meta":[],"_links":{"self":[{"href":"https:\/\/www.radiomais.ao\/index.php\/wp-json\/wp\/v2\/posts\/2678","targetHints":{"allow":["GET"]}}],"collection":[{"href":"https:\/\/www.radiomais.ao\/index.php\/wp-json\/wp\/v2\/posts"}],"about":[{"href":"https:\/\/www.radiomais.ao\/index.php\/wp-json\/wp\/v2\/types\/post"}],"author":[{"embeddable":true,"href":"https:\/\/www.radiomais.ao\/index.php\/wp-json\/wp\/v2\/users\/3"}],"replies":[{"embeddable":true,"href":"https:\/\/www.radiomais.ao\/index.php\/wp-json\/wp\/v2\/comments?post=2678"}],"version-history":[{"count":1,"href":"https:\/\/www.radiomais.ao\/index.php\/wp-json\/wp\/v2\/posts\/2678\/revisions"}],"predecessor-version":[{"id":2680,"href":"https:\/\/www.radiomais.ao\/index.php\/wp-json\/wp\/v2\/posts\/2678\/revisions\/2680"}],"wp:featuredmedia":[{"embeddable":true,"href":"https:\/\/www.radiomais.ao\/index.php\/wp-json\/wp\/v2\/media\/2679"}],"wp:attachment":[{"href":"https:\/\/www.radiomais.ao\/index.php\/wp-json\/wp\/v2\/media?parent=2678"}],"wp:term":[{"taxonomy":"category","embeddable":true,"href":"https:\/\/www.radiomais.ao\/index.php\/wp-json\/wp\/v2\/categories?post=2678"},{"taxonomy":"post_tag","embeddable":true,"href":"https:\/\/www.radiomais.ao\/index.php\/wp-json\/wp\/v2\/tags?post=2678"}],"curies":[{"name":"wp","href":"https:\/\/api.w.org\/{rel}","templated":true}]}}