{"id":2681,"date":"2025-10-15T13:27:12","date_gmt":"2025-10-15T12:27:12","guid":{"rendered":"https:\/\/www.radiomais.ao\/?p=2681"},"modified":"2025-10-15T13:27:12","modified_gmt":"2025-10-15T12:27:12","slug":"joao-lourenco-destaca-intervencao-do-estado-no-sector-habitacional-com-mais-de-35-mil-casas-construidas","status":"publish","type":"post","link":"https:\/\/www.radiomais.ao\/index.php\/2025\/10\/15\/joao-lourenco-destaca-intervencao-do-estado-no-sector-habitacional-com-mais-de-35-mil-casas-construidas\/","title":{"rendered":"Jo\u00e3o Louren\u00e7o destaca interven\u00e7\u00e3o do Estado no sector habitacional com mais de 35 mil casas constru\u00eddas."},"content":{"rendered":"\n<p>O Presidente da Rep\u00fablica, Jo\u00e3o Louren\u00e7o, destacou, h\u00e1 instantes, que o Executivo interveio no sector habitacional com a constru\u00e7\u00e3o de mais de 35 mil casas distribu\u00eddas em 30 novas centralidades e projectos de habita\u00e7\u00e3o social em diversas prov\u00edncias. Fonte <strong><em><a href=\"https:\/\/www.opais.ao\/ultimas_hora\/joao-lourenco-destaca-intervencao-do-estado-no-sector-habitacional-com-mais-de-35-mil-casas-construidas\/\">Opa\u00eds<\/a><\/em><\/strong><\/p>\n","protected":false},"excerpt":{"rendered":"<p>O Presidente da Rep\u00fablica, Jo\u00e3o Louren\u00e7o, destacou, h\u00e1 instantes, que o Executivo interveio no sector habitacional com a constru\u00e7\u00e3o de mais de 35 mil casas distribu\u00eddas em 30 novas centralidades e projectos de habita\u00e7\u00e3o social em diversas prov\u00edncias. Fonte Opa\u00eds<\/p>\n","protected":false},"author":3,"featured_media":2682,"comment_status":"open","ping_status":"open","sticky":false,"template":"","format":"standard","meta":{"footnotes":""},"categories":[16],"tags":[573,951,950],"class_list":["post-2681","post","type-post","status-publish","format-standard","has-post-thumbnail","hentry","category-actualidade","tag-estado","tag-intervencao","tag-sectoe-habitacional"],"blocksy_meta":[],"_links":{"self":[{"href":"https:\/\/www.radiomais.ao\/index.php\/wp-json\/wp\/v2\/posts\/2681","targetHints":{"allow":["GET"]}}],"collection":[{"href":"https:\/\/www.radiomais.ao\/index.php\/wp-json\/wp\/v2\/posts"}],"about":[{"href":"https:\/\/www.radiomais.ao\/index.php\/wp-json\/wp\/v2\/types\/post"}],"author":[{"embeddable":true,"href":"https:\/\/www.radiomais.ao\/index.php\/wp-json\/wp\/v2\/users\/3"}],"replies":[{"embeddable":true,"href":"https:\/\/www.radiomais.ao\/index.php\/wp-json\/wp\/v2\/comments?post=2681"}],"version-history":[{"count":1,"href":"https:\/\/www.radiomais.ao\/index.php\/wp-json\/wp\/v2\/posts\/2681\/revisions"}],"predecessor-version":[{"id":2683,"href":"https:\/\/www.radiomais.ao\/index.php\/wp-json\/wp\/v2\/posts\/2681\/revisions\/2683"}],"wp:featuredmedia":[{"embeddable":true,"href":"https:\/\/www.radiomais.ao\/index.php\/wp-json\/wp\/v2\/media\/2682"}],"wp:attachment":[{"href":"https:\/\/www.radiomais.ao\/index.php\/wp-json\/wp\/v2\/media?parent=2681"}],"wp:term":[{"taxonomy":"category","embeddable":true,"href":"https:\/\/www.radiomais.ao\/index.php\/wp-json\/wp\/v2\/categories?post=2681"},{"taxonomy":"post_tag","embeddable":true,"href":"https:\/\/www.radiomais.ao\/index.php\/wp-json\/wp\/v2\/tags?post=2681"}],"curies":[{"name":"wp","href":"https:\/\/api.w.org\/{rel}","templated":true}]}}