{"id":2684,"date":"2025-10-15T13:30:19","date_gmt":"2025-10-15T12:30:19","guid":{"rendered":"https:\/\/www.radiomais.ao\/?p=2684"},"modified":"2025-10-15T13:30:19","modified_gmt":"2025-10-15T12:30:19","slug":"taag-vai-receber-15-novas-aeronaves-ate-2027","status":"publish","type":"post","link":"https:\/\/www.radiomais.ao\/index.php\/2025\/10\/15\/taag-vai-receber-15-novas-aeronaves-ate-2027\/","title":{"rendered":"TAAG vai receber 15 novas aeronaves at\u00e9 2027."},"content":{"rendered":"\n<p>O Presidente da Rep\u00fablica garantiu, hoje, que a companhia de bandeira TAAG vai receber at\u00e9 2027 um total de 15 novas aeronaves, com vista ao refor\u00e7o operacional. Fonte <strong><em><a href=\"https:\/\/www.opais.ao\/politica\/taag-vai-receber-15-novas-aeronaves-ate-2027\/\">Opa\u00eds<\/a><\/em><\/strong><\/p>\n\n\n\n<p><\/p>\n","protected":false},"excerpt":{"rendered":"<p>O Presidente da Rep\u00fablica garantiu, hoje, que a companhia de bandeira TAAG vai receber at\u00e9 2027 um total de 15 novas aeronaves, com vista ao refor\u00e7o operacional. Fonte Opa\u00eds<\/p>\n","protected":false},"author":3,"featured_media":2685,"comment_status":"open","ping_status":"open","sticky":false,"template":"","format":"standard","meta":{"footnotes":""},"categories":[16],"tags":[635,952,511],"class_list":["post-2684","post","type-post","status-publish","format-standard","has-post-thumbnail","hentry","category-actualidade","tag-635","tag-novas-aeronaves","tag-taag"],"blocksy_meta":[],"_links":{"self":[{"href":"https:\/\/www.radiomais.ao\/index.php\/wp-json\/wp\/v2\/posts\/2684","targetHints":{"allow":["GET"]}}],"collection":[{"href":"https:\/\/www.radiomais.ao\/index.php\/wp-json\/wp\/v2\/posts"}],"about":[{"href":"https:\/\/www.radiomais.ao\/index.php\/wp-json\/wp\/v2\/types\/post"}],"author":[{"embeddable":true,"href":"https:\/\/www.radiomais.ao\/index.php\/wp-json\/wp\/v2\/users\/3"}],"replies":[{"embeddable":true,"href":"https:\/\/www.radiomais.ao\/index.php\/wp-json\/wp\/v2\/comments?post=2684"}],"version-history":[{"count":1,"href":"https:\/\/www.radiomais.ao\/index.php\/wp-json\/wp\/v2\/posts\/2684\/revisions"}],"predecessor-version":[{"id":2686,"href":"https:\/\/www.radiomais.ao\/index.php\/wp-json\/wp\/v2\/posts\/2684\/revisions\/2686"}],"wp:featuredmedia":[{"embeddable":true,"href":"https:\/\/www.radiomais.ao\/index.php\/wp-json\/wp\/v2\/media\/2685"}],"wp:attachment":[{"href":"https:\/\/www.radiomais.ao\/index.php\/wp-json\/wp\/v2\/media?parent=2684"}],"wp:term":[{"taxonomy":"category","embeddable":true,"href":"https:\/\/www.radiomais.ao\/index.php\/wp-json\/wp\/v2\/categories?post=2684"},{"taxonomy":"post_tag","embeddable":true,"href":"https:\/\/www.radiomais.ao\/index.php\/wp-json\/wp\/v2\/tags?post=2684"}],"curies":[{"name":"wp","href":"https:\/\/api.w.org\/{rel}","templated":true}]}}