{"id":2687,"date":"2025-10-15T13:35:03","date_gmt":"2025-10-15T12:35:03","guid":{"rendered":"https:\/\/www.radiomais.ao\/?p=2687"},"modified":"2025-10-15T13:35:03","modified_gmt":"2025-10-15T12:35:03","slug":"netos-no-cuanza-sul-espancam-avo-ate-a-morte-por-crenca-no-feitico","status":"publish","type":"post","link":"https:\/\/www.radiomais.ao\/index.php\/2025\/10\/15\/netos-no-cuanza-sul-espancam-avo-ate-a-morte-por-crenca-no-feitico\/","title":{"rendered":"Netos no Cuanza-Sul espancam av\u00f4 at\u00e9 \u00e0 morte por cren\u00e7a no feiti\u00e7o."},"content":{"rendered":"\n<p>O Servi\u00e7o de Investiga\u00e7\u00e3o Criminal no Cuanza Sul deteve, recentemente, no munic\u00edpio de Porto-Amboim, sete cidad\u00e3os, com idades compreendidas entre 21 e 63 anos, implicados no crime de homic\u00eddio qualificado, que vitimou um cidad\u00e3o de 65 anos de idade, por sinal, tio e av\u00f4 dos suspeitos. Fonte <strong><em><a href=\"https:\/\/www.opais.ao\/sociedade\/netos-no-cuanza-sul-espancam-avo-ate-a-morte-por-crenca-no-feitico\/\">Opa\u00eds<\/a><\/em><\/strong><\/p>\n","protected":false},"excerpt":{"rendered":"<p>O Servi\u00e7o de Investiga\u00e7\u00e3o Criminal no Cuanza Sul deteve, recentemente, no munic\u00edpio de Porto-Amboim, sete cidad\u00e3os, com idades compreendidas entre 21 e 63 anos, implicados no crime de homic\u00eddio qualificado, que vitimou um cidad\u00e3o de 65 anos de idade, por sinal, tio e av\u00f4 dos suspeitos. Fonte Opa\u00eds<\/p>\n","protected":false},"author":3,"featured_media":2688,"comment_status":"open","ping_status":"open","sticky":false,"template":"","format":"standard","meta":{"footnotes":""},"categories":[16],"tags":[954,953,169,955],"class_list":["post-2687","post","type-post","status-publish","format-standard","has-post-thumbnail","hentry","category-actualidade","tag-avo","tag-crencas-ao-feiticismo","tag-morte","tag-netos"],"blocksy_meta":[],"_links":{"self":[{"href":"https:\/\/www.radiomais.ao\/index.php\/wp-json\/wp\/v2\/posts\/2687","targetHints":{"allow":["GET"]}}],"collection":[{"href":"https:\/\/www.radiomais.ao\/index.php\/wp-json\/wp\/v2\/posts"}],"about":[{"href":"https:\/\/www.radiomais.ao\/index.php\/wp-json\/wp\/v2\/types\/post"}],"author":[{"embeddable":true,"href":"https:\/\/www.radiomais.ao\/index.php\/wp-json\/wp\/v2\/users\/3"}],"replies":[{"embeddable":true,"href":"https:\/\/www.radiomais.ao\/index.php\/wp-json\/wp\/v2\/comments?post=2687"}],"version-history":[{"count":1,"href":"https:\/\/www.radiomais.ao\/index.php\/wp-json\/wp\/v2\/posts\/2687\/revisions"}],"predecessor-version":[{"id":2689,"href":"https:\/\/www.radiomais.ao\/index.php\/wp-json\/wp\/v2\/posts\/2687\/revisions\/2689"}],"wp:featuredmedia":[{"embeddable":true,"href":"https:\/\/www.radiomais.ao\/index.php\/wp-json\/wp\/v2\/media\/2688"}],"wp:attachment":[{"href":"https:\/\/www.radiomais.ao\/index.php\/wp-json\/wp\/v2\/media?parent=2687"}],"wp:term":[{"taxonomy":"category","embeddable":true,"href":"https:\/\/www.radiomais.ao\/index.php\/wp-json\/wp\/v2\/categories?post=2687"},{"taxonomy":"post_tag","embeddable":true,"href":"https:\/\/www.radiomais.ao\/index.php\/wp-json\/wp\/v2\/tags?post=2687"}],"curies":[{"name":"wp","href":"https:\/\/api.w.org\/{rel}","templated":true}]}}