{"id":2690,"date":"2025-10-15T13:50:21","date_gmt":"2025-10-15T12:50:21","guid":{"rendered":"https:\/\/www.radiomais.ao\/?p=2690"},"modified":"2025-10-15T13:50:21","modified_gmt":"2025-10-15T12:50:21","slug":"pr-reafirma-aposta-na-melhoria-dos-orgaos-de-comunicacao-social-publicos","status":"publish","type":"post","link":"https:\/\/www.radiomais.ao\/index.php\/2025\/10\/15\/pr-reafirma-aposta-na-melhoria-dos-orgaos-de-comunicacao-social-publicos\/","title":{"rendered":"PR reafirma aposta na melhoria dos \u00f3rg\u00e3os de comunica\u00e7\u00e3o social p\u00fablicos."},"content":{"rendered":"\n<p>O Presidente da Rep\u00fablica, Jo\u00e3o Louren\u00e7o, sublinhou a import\u00e2ncia dos \u00f3rg\u00e3os de Comunica\u00e7\u00e3o Social e garantiu que o Executivo vai prosseguir com as medidas para assegurar a liberdade de express\u00e3o, o acesso \u00e0 informa\u00e7\u00e3o \u201cplural, rigorosa e isenta\u201d e a moderniza\u00e7\u00e3o tecnol\u00f3gica do sector. Fonte <strong><em><a href=\"https:\/\/www.opais.ao\/politica\/pr-reafirma-aposta-na-melhoria-dos-orgaos-de-comunicacao-social-publicos\/\">Opa\u00eds<\/a><\/em><\/strong><\/p>\n","protected":false},"excerpt":{"rendered":"<p>O Presidente da Rep\u00fablica, Jo\u00e3o Louren\u00e7o, sublinhou a import\u00e2ncia dos \u00f3rg\u00e3os de Comunica\u00e7\u00e3o Social e garantiu que o Executivo vai prosseguir com as medidas para assegurar a liberdade de express\u00e3o, o acesso \u00e0 informa\u00e7\u00e3o \u201cplural, rigorosa e isenta\u201d e a moderniza\u00e7\u00e3o tecnol\u00f3gica do sector. Fonte Opa\u00eds<\/p>\n","protected":false},"author":3,"featured_media":2691,"comment_status":"open","ping_status":"open","sticky":false,"template":"","format":"standard","meta":{"footnotes":""},"categories":[16],"tags":[956,957],"class_list":["post-2690","post","type-post","status-publish","format-standard","has-post-thumbnail","hentry","category-actualidade","tag-comunicacao-social","tag-melhoria"],"blocksy_meta":[],"_links":{"self":[{"href":"https:\/\/www.radiomais.ao\/index.php\/wp-json\/wp\/v2\/posts\/2690","targetHints":{"allow":["GET"]}}],"collection":[{"href":"https:\/\/www.radiomais.ao\/index.php\/wp-json\/wp\/v2\/posts"}],"about":[{"href":"https:\/\/www.radiomais.ao\/index.php\/wp-json\/wp\/v2\/types\/post"}],"author":[{"embeddable":true,"href":"https:\/\/www.radiomais.ao\/index.php\/wp-json\/wp\/v2\/users\/3"}],"replies":[{"embeddable":true,"href":"https:\/\/www.radiomais.ao\/index.php\/wp-json\/wp\/v2\/comments?post=2690"}],"version-history":[{"count":1,"href":"https:\/\/www.radiomais.ao\/index.php\/wp-json\/wp\/v2\/posts\/2690\/revisions"}],"predecessor-version":[{"id":2692,"href":"https:\/\/www.radiomais.ao\/index.php\/wp-json\/wp\/v2\/posts\/2690\/revisions\/2692"}],"wp:featuredmedia":[{"embeddable":true,"href":"https:\/\/www.radiomais.ao\/index.php\/wp-json\/wp\/v2\/media\/2691"}],"wp:attachment":[{"href":"https:\/\/www.radiomais.ao\/index.php\/wp-json\/wp\/v2\/media?parent=2690"}],"wp:term":[{"taxonomy":"category","embeddable":true,"href":"https:\/\/www.radiomais.ao\/index.php\/wp-json\/wp\/v2\/categories?post=2690"},{"taxonomy":"post_tag","embeddable":true,"href":"https:\/\/www.radiomais.ao\/index.php\/wp-json\/wp\/v2\/tags?post=2690"}],"curies":[{"name":"wp","href":"https:\/\/api.w.org\/{rel}","templated":true}]}}