{"id":2697,"date":"2025-10-17T09:12:58","date_gmt":"2025-10-17T08:12:58","guid":{"rendered":"https:\/\/www.radiomais.ao\/?p=2697"},"modified":"2025-10-17T09:12:58","modified_gmt":"2025-10-17T08:12:58","slug":"ramiro-matos-todo-o-mundo-na-televisao-gosta-de-aparecer","status":"publish","type":"post","link":"https:\/\/www.radiomais.ao\/index.php\/2025\/10\/17\/ramiro-matos-todo-o-mundo-na-televisao-gosta-de-aparecer\/","title":{"rendered":"Ramiro Matos: \u201cTodo o mundo na televis\u00e3o gosta de aparecer&#8221;"},"content":{"rendered":"\n<p><strong>Descontra\u00eddo, com um olhar sereno, recebeu a equipa do jornal OPA\u00cdS na sua resid\u00eancia para falar dos momentos os quais viveu enquanto jornalista da Televis\u00e3o P\u00fablica de Angola (TPA). Ramiro Matos, que entrou para aquela casa de informa\u00e7\u00e3o dois anos depois da Independ\u00eancia, aos 8 de Agosto de 1977, como rep\u00f3rter, teve a oportunidade de cobrir a morte do primeiro Presidente de Angola, Agostinho Neto, e outros assuntos com relev\u00e2ncia noticiosa no pa\u00eds e no mundo. Ao servi\u00e7o da TPA, Ramiro Matos ocupou v\u00e1rios cargos de direc\u00e7\u00e3o e chefia, visto que, antes e depois de passar para a reforma, em 2014, viu na forma\u00e7\u00e3o de quadros uma \u00e1rea para \u201ccapta\u00e7\u00e3o\u201d de jornalistas que hoje v\u00e3o dando cartas em v\u00e1rios pontos do pa\u00eds. No \u00e2mbito dos 50 anos da Independ\u00eancia, 11 de Novembro, e tamb\u00e9m da TPA, 18 de Outubro, Ramiro Matos, entre outras palavras, diz que tem as suas impress\u00f5es digitais neste processo hist\u00f3rico<\/strong>.<\/p>\n","protected":false},"excerpt":{"rendered":"<p>Descontra\u00eddo, com um olhar sereno, recebeu a equipa do jornal OPA\u00cdS na sua resid\u00eancia para falar dos momentos os quais viveu enquanto jornalista da Televis\u00e3o P\u00fablica de Angola (TPA). Ramiro Matos, que entrou para aquela casa de informa\u00e7\u00e3o dois anos depois da Independ\u00eancia, aos 8 de Agosto de 1977, como rep\u00f3rter, teve a oportunidade de [&hellip;]<\/p>\n","protected":false},"author":3,"featured_media":2698,"comment_status":"open","ping_status":"open","sticky":false,"template":"","format":"standard","meta":{"footnotes":""},"categories":[16],"tags":[961,960],"class_list":["post-2697","post","type-post","status-publish","format-standard","has-post-thumbnail","hentry","category-actualidade","tag-jornalismo","tag-ramisros-de-matos"],"blocksy_meta":[],"_links":{"self":[{"href":"https:\/\/www.radiomais.ao\/index.php\/wp-json\/wp\/v2\/posts\/2697","targetHints":{"allow":["GET"]}}],"collection":[{"href":"https:\/\/www.radiomais.ao\/index.php\/wp-json\/wp\/v2\/posts"}],"about":[{"href":"https:\/\/www.radiomais.ao\/index.php\/wp-json\/wp\/v2\/types\/post"}],"author":[{"embeddable":true,"href":"https:\/\/www.radiomais.ao\/index.php\/wp-json\/wp\/v2\/users\/3"}],"replies":[{"embeddable":true,"href":"https:\/\/www.radiomais.ao\/index.php\/wp-json\/wp\/v2\/comments?post=2697"}],"version-history":[{"count":1,"href":"https:\/\/www.radiomais.ao\/index.php\/wp-json\/wp\/v2\/posts\/2697\/revisions"}],"predecessor-version":[{"id":2699,"href":"https:\/\/www.radiomais.ao\/index.php\/wp-json\/wp\/v2\/posts\/2697\/revisions\/2699"}],"wp:featuredmedia":[{"embeddable":true,"href":"https:\/\/www.radiomais.ao\/index.php\/wp-json\/wp\/v2\/media\/2698"}],"wp:attachment":[{"href":"https:\/\/www.radiomais.ao\/index.php\/wp-json\/wp\/v2\/media?parent=2697"}],"wp:term":[{"taxonomy":"category","embeddable":true,"href":"https:\/\/www.radiomais.ao\/index.php\/wp-json\/wp\/v2\/categories?post=2697"},{"taxonomy":"post_tag","embeddable":true,"href":"https:\/\/www.radiomais.ao\/index.php\/wp-json\/wp\/v2\/tags?post=2697"}],"curies":[{"name":"wp","href":"https:\/\/api.w.org\/{rel}","templated":true}]}}