{"id":2700,"date":"2025-10-17T09:22:52","date_gmt":"2025-10-17T08:22:52","guid":{"rendered":"https:\/\/www.radiomais.ao\/?p=2700"},"modified":"2025-10-17T09:22:52","modified_gmt":"2025-10-17T08:22:52","slug":"organizacao-pan-africana-da-mulher-reune-em-dezembro-cerca-de-200-delegadas-em-luanda","status":"publish","type":"post","link":"https:\/\/www.radiomais.ao\/index.php\/2025\/10\/17\/organizacao-pan-africana-da-mulher-reune-em-dezembro-cerca-de-200-delegadas-em-luanda\/","title":{"rendered":"Organiza\u00e7\u00e3o Pan-Africana da Mulher re\u00fane em Dezembro cerca de 200 delegadas em Luanda"},"content":{"rendered":"\n<p><strong>A capital do pa\u00eds vai acolher, de 5 a 7 de Dezembro do corrente ano, uma reuni\u00e3o do Conselho da Organiza\u00e7\u00e3o Pan-Africana da Mulher (OPM), informou, esta quinta-feira, em Luanda, a presidente da organiza\u00e7\u00e3o, a namibiana Eunice Lipinge<\/strong>. Fonte <strong><em><a href=\"https:\/\/www.opais.ao\/politica\/organizacao-pan-africana-da-mulher-reune-em-dezembro-cerca-de-200-delegadas-em-luanda\/\">Opa\u00eds<\/a><\/em><\/strong><\/p>\n","protected":false},"excerpt":{"rendered":"<p>A capital do pa\u00eds vai acolher, de 5 a 7 de Dezembro do corrente ano, uma reuni\u00e3o do Conselho da Organiza\u00e7\u00e3o Pan-Africana da Mulher (OPM), informou, esta quinta-feira, em Luanda, a presidente da organiza\u00e7\u00e3o, a namibiana Eunice Lipinge. Fonte Opa\u00eds<\/p>\n","protected":false},"author":3,"featured_media":2701,"comment_status":"open","ping_status":"open","sticky":false,"template":"","format":"standard","meta":{"footnotes":""},"categories":[16],"tags":[962,963],"class_list":["post-2700","post","type-post","status-publish","format-standard","has-post-thumbnail","hentry","category-actualidade","tag-organizacao","tag-pan-africana"],"blocksy_meta":[],"_links":{"self":[{"href":"https:\/\/www.radiomais.ao\/index.php\/wp-json\/wp\/v2\/posts\/2700","targetHints":{"allow":["GET"]}}],"collection":[{"href":"https:\/\/www.radiomais.ao\/index.php\/wp-json\/wp\/v2\/posts"}],"about":[{"href":"https:\/\/www.radiomais.ao\/index.php\/wp-json\/wp\/v2\/types\/post"}],"author":[{"embeddable":true,"href":"https:\/\/www.radiomais.ao\/index.php\/wp-json\/wp\/v2\/users\/3"}],"replies":[{"embeddable":true,"href":"https:\/\/www.radiomais.ao\/index.php\/wp-json\/wp\/v2\/comments?post=2700"}],"version-history":[{"count":1,"href":"https:\/\/www.radiomais.ao\/index.php\/wp-json\/wp\/v2\/posts\/2700\/revisions"}],"predecessor-version":[{"id":2702,"href":"https:\/\/www.radiomais.ao\/index.php\/wp-json\/wp\/v2\/posts\/2700\/revisions\/2702"}],"wp:featuredmedia":[{"embeddable":true,"href":"https:\/\/www.radiomais.ao\/index.php\/wp-json\/wp\/v2\/media\/2701"}],"wp:attachment":[{"href":"https:\/\/www.radiomais.ao\/index.php\/wp-json\/wp\/v2\/media?parent=2700"}],"wp:term":[{"taxonomy":"category","embeddable":true,"href":"https:\/\/www.radiomais.ao\/index.php\/wp-json\/wp\/v2\/categories?post=2700"},{"taxonomy":"post_tag","embeddable":true,"href":"https:\/\/www.radiomais.ao\/index.php\/wp-json\/wp\/v2\/tags?post=2700"}],"curies":[{"name":"wp","href":"https:\/\/api.w.org\/{rel}","templated":true}]}}