{"id":2706,"date":"2025-10-17T09:40:59","date_gmt":"2025-10-17T08:40:59","guid":{"rendered":"https:\/\/www.radiomais.ao\/?p=2706"},"modified":"2025-10-17T09:40:59","modified_gmt":"2025-10-17T08:40:59","slug":"telefonia-movel-conta-com-mais-de-26-milhoes-de-subscricoes","status":"publish","type":"post","link":"https:\/\/www.radiomais.ao\/index.php\/2025\/10\/17\/telefonia-movel-conta-com-mais-de-26-milhoes-de-subscricoes\/","title":{"rendered":"Telefonia m\u00f3vel conta com mais de 26 milh\u00f5es de subscri\u00e7\u00f5es."},"content":{"rendered":"\n<p><strong>Angola conta, actualmente, com mais de 26,2 milh\u00f5es de subscritores na rede de telefonia m\u00f3vel, contra cerca de 140 mil registados em 2002, ano em que Angola alcan\u00e7ou a paz, anunciou esta quarta-feira, em Luanda, o presidente da rep\u00fablica, Jo\u00e3o Louren\u00e7o<\/strong>. Fonte <strong><em><a href=\"https:\/\/www.opais.ao\/economia\/telefonia-movel-conta-com-mais-de-26-milhoes-de-subscricoes\/\">Opa\u00eds<\/a><\/em><\/strong><\/p>\n\n\n\n<p><\/p>\n","protected":false},"excerpt":{"rendered":"<p>Angola conta, actualmente, com mais de 26,2 milh\u00f5es de subscritores na rede de telefonia m\u00f3vel, contra cerca de 140 mil registados em 2002, ano em que Angola alcan\u00e7ou a paz, anunciou esta quarta-feira, em Luanda, o presidente da rep\u00fablica, Jo\u00e3o Louren\u00e7o. Fonte Opa\u00eds<\/p>\n","protected":false},"author":3,"featured_media":2707,"comment_status":"open","ping_status":"open","sticky":false,"template":"","format":"standard","meta":{"footnotes":""},"categories":[16],"tags":[965,964],"class_list":["post-2706","post","type-post","status-publish","format-standard","has-post-thumbnail","hentry","category-actualidade","tag-5-milhoes-de-subscricoes","tag-telefonia-movel"],"blocksy_meta":[],"_links":{"self":[{"href":"https:\/\/www.radiomais.ao\/index.php\/wp-json\/wp\/v2\/posts\/2706","targetHints":{"allow":["GET"]}}],"collection":[{"href":"https:\/\/www.radiomais.ao\/index.php\/wp-json\/wp\/v2\/posts"}],"about":[{"href":"https:\/\/www.radiomais.ao\/index.php\/wp-json\/wp\/v2\/types\/post"}],"author":[{"embeddable":true,"href":"https:\/\/www.radiomais.ao\/index.php\/wp-json\/wp\/v2\/users\/3"}],"replies":[{"embeddable":true,"href":"https:\/\/www.radiomais.ao\/index.php\/wp-json\/wp\/v2\/comments?post=2706"}],"version-history":[{"count":1,"href":"https:\/\/www.radiomais.ao\/index.php\/wp-json\/wp\/v2\/posts\/2706\/revisions"}],"predecessor-version":[{"id":2708,"href":"https:\/\/www.radiomais.ao\/index.php\/wp-json\/wp\/v2\/posts\/2706\/revisions\/2708"}],"wp:featuredmedia":[{"embeddable":true,"href":"https:\/\/www.radiomais.ao\/index.php\/wp-json\/wp\/v2\/media\/2707"}],"wp:attachment":[{"href":"https:\/\/www.radiomais.ao\/index.php\/wp-json\/wp\/v2\/media?parent=2706"}],"wp:term":[{"taxonomy":"category","embeddable":true,"href":"https:\/\/www.radiomais.ao\/index.php\/wp-json\/wp\/v2\/categories?post=2706"},{"taxonomy":"post_tag","embeddable":true,"href":"https:\/\/www.radiomais.ao\/index.php\/wp-json\/wp\/v2\/tags?post=2706"}],"curies":[{"name":"wp","href":"https:\/\/api.w.org\/{rel}","templated":true}]}}