{"id":2712,"date":"2025-10-17T09:49:08","date_gmt":"2025-10-17T08:49:08","guid":{"rendered":"https:\/\/www.radiomais.ao\/?p=2712"},"modified":"2025-10-17T09:49:08","modified_gmt":"2025-10-17T08:49:08","slug":"vacinacao-contra-o-hpv-reforca-combate-ao-cancro-do-colo-do-utero-em-angola","status":"publish","type":"post","link":"https:\/\/www.radiomais.ao\/index.php\/2025\/10\/17\/vacinacao-contra-o-hpv-reforca-combate-ao-cancro-do-colo-do-utero-em-angola\/","title":{"rendered":"Vacina\u00e7\u00e3o contra o HPV refor\u00e7a combate ao cancro do colo do \u00fatero em Angola."},"content":{"rendered":"\n<p><strong>A directora nacional de Sa\u00fade P\u00fablica, Helga Freitas, destacou a import\u00e2ncia da vacina\u00e7\u00e3o contra o V\u00edrus do Papiloma Humano (HPV) como a forma mais eficaz de prevenir o cancro do colo do \u00fatero, uma das doen\u00e7as que mais afecta as mulheres em Angola e no mundo<\/strong>. Fonte <strong><em><a href=\"https:\/\/www.opais.ao\/sociedade\/vacinacao-contra-o-hpv-reforca-combate-ao-cancro-do-colo-do-utero-em-angola\/\">Opa\u00eds<\/a><\/em><\/strong><\/p>\n\n\n\n<p><\/p>\n","protected":false},"excerpt":{"rendered":"<p>A directora nacional de Sa\u00fade P\u00fablica, Helga Freitas, destacou a import\u00e2ncia da vacina\u00e7\u00e3o contra o V\u00edrus do Papiloma Humano (HPV) como a forma mais eficaz de prevenir o cancro do colo do \u00fatero, uma das doen\u00e7as que mais afecta as mulheres em Angola e no mundo. Fonte Opa\u00eds<\/p>\n","protected":false},"author":3,"featured_media":2713,"comment_status":"open","ping_status":"open","sticky":false,"template":"","format":"standard","meta":{"footnotes":""},"categories":[16],"tags":[969,968,162],"class_list":["post-2712","post","type-post","status-publish","format-standard","has-post-thumbnail","hentry","category-actualidade","tag-cancro-do-colo-do-utero","tag-hpv","tag-vacinacao"],"blocksy_meta":[],"_links":{"self":[{"href":"https:\/\/www.radiomais.ao\/index.php\/wp-json\/wp\/v2\/posts\/2712","targetHints":{"allow":["GET"]}}],"collection":[{"href":"https:\/\/www.radiomais.ao\/index.php\/wp-json\/wp\/v2\/posts"}],"about":[{"href":"https:\/\/www.radiomais.ao\/index.php\/wp-json\/wp\/v2\/types\/post"}],"author":[{"embeddable":true,"href":"https:\/\/www.radiomais.ao\/index.php\/wp-json\/wp\/v2\/users\/3"}],"replies":[{"embeddable":true,"href":"https:\/\/www.radiomais.ao\/index.php\/wp-json\/wp\/v2\/comments?post=2712"}],"version-history":[{"count":1,"href":"https:\/\/www.radiomais.ao\/index.php\/wp-json\/wp\/v2\/posts\/2712\/revisions"}],"predecessor-version":[{"id":2714,"href":"https:\/\/www.radiomais.ao\/index.php\/wp-json\/wp\/v2\/posts\/2712\/revisions\/2714"}],"wp:featuredmedia":[{"embeddable":true,"href":"https:\/\/www.radiomais.ao\/index.php\/wp-json\/wp\/v2\/media\/2713"}],"wp:attachment":[{"href":"https:\/\/www.radiomais.ao\/index.php\/wp-json\/wp\/v2\/media?parent=2712"}],"wp:term":[{"taxonomy":"category","embeddable":true,"href":"https:\/\/www.radiomais.ao\/index.php\/wp-json\/wp\/v2\/categories?post=2712"},{"taxonomy":"post_tag","embeddable":true,"href":"https:\/\/www.radiomais.ao\/index.php\/wp-json\/wp\/v2\/tags?post=2712"}],"curies":[{"name":"wp","href":"https:\/\/api.w.org\/{rel}","templated":true}]}}