{"id":2715,"date":"2025-10-17T10:01:08","date_gmt":"2025-10-17T09:01:08","guid":{"rendered":"https:\/\/www.radiomais.ao\/?p=2715"},"modified":"2025-10-17T10:01:08","modified_gmt":"2025-10-17T09:01:08","slug":"angola-regista-mais-de-500-novos-casos-de-cancro-da-mama-so-neste-ano","status":"publish","type":"post","link":"https:\/\/www.radiomais.ao\/index.php\/2025\/10\/17\/angola-regista-mais-de-500-novos-casos-de-cancro-da-mama-so-neste-ano\/","title":{"rendered":"Angola regista mais de 500 novos casos de cancro da mama s\u00f3 neste ano."},"content":{"rendered":"\n<p><strong>Especialistas alertam para o aumento de diagn\u00f3sticos e pedem maior aten\u00e7\u00e3o \u00e0 preven\u00e7\u00e3o e ao apoio emocional das pacientes, num pa\u00eds onde o estigma e o diagn\u00f3stico tardio ainda s\u00e3o obst\u00e1culos \u00e0 sobreviv\u00eancia, uma vez que um ter\u00e7o das mulheres diagnosticadas morre da doen\u00e7a<\/strong>. Fonte <strong><em><a href=\"https:\/\/www.opais.ao\/sociedade\/angola-regista-mais-de-500-novos-casos-de-cancro-da-mama-so-neste-ano\/\">Opa\u00eds<\/a><\/em><\/strong><\/p>\n","protected":false},"excerpt":{"rendered":"<p>Especialistas alertam para o aumento de diagn\u00f3sticos e pedem maior aten\u00e7\u00e3o \u00e0 preven\u00e7\u00e3o e ao apoio emocional das pacientes, num pa\u00eds onde o estigma e o diagn\u00f3stico tardio ainda s\u00e3o obst\u00e1culos \u00e0 sobreviv\u00eancia, uma vez que um ter\u00e7o das mulheres diagnosticadas morre da doen\u00e7a. Fonte Opa\u00eds<\/p>\n","protected":false},"author":3,"featured_media":2716,"comment_status":"open","ping_status":"open","sticky":false,"template":"","format":"standard","meta":{"footnotes":""},"categories":[16],"tags":[75,971,972],"class_list":["post-2715","post","type-post","status-publish","format-standard","has-post-thumbnail","hentry","category-actualidade","tag-angola","tag-cancro-da-mama","tag-regista-500-casos"],"blocksy_meta":[],"_links":{"self":[{"href":"https:\/\/www.radiomais.ao\/index.php\/wp-json\/wp\/v2\/posts\/2715","targetHints":{"allow":["GET"]}}],"collection":[{"href":"https:\/\/www.radiomais.ao\/index.php\/wp-json\/wp\/v2\/posts"}],"about":[{"href":"https:\/\/www.radiomais.ao\/index.php\/wp-json\/wp\/v2\/types\/post"}],"author":[{"embeddable":true,"href":"https:\/\/www.radiomais.ao\/index.php\/wp-json\/wp\/v2\/users\/3"}],"replies":[{"embeddable":true,"href":"https:\/\/www.radiomais.ao\/index.php\/wp-json\/wp\/v2\/comments?post=2715"}],"version-history":[{"count":1,"href":"https:\/\/www.radiomais.ao\/index.php\/wp-json\/wp\/v2\/posts\/2715\/revisions"}],"predecessor-version":[{"id":2717,"href":"https:\/\/www.radiomais.ao\/index.php\/wp-json\/wp\/v2\/posts\/2715\/revisions\/2717"}],"wp:featuredmedia":[{"embeddable":true,"href":"https:\/\/www.radiomais.ao\/index.php\/wp-json\/wp\/v2\/media\/2716"}],"wp:attachment":[{"href":"https:\/\/www.radiomais.ao\/index.php\/wp-json\/wp\/v2\/media?parent=2715"}],"wp:term":[{"taxonomy":"category","embeddable":true,"href":"https:\/\/www.radiomais.ao\/index.php\/wp-json\/wp\/v2\/categories?post=2715"},{"taxonomy":"post_tag","embeddable":true,"href":"https:\/\/www.radiomais.ao\/index.php\/wp-json\/wp\/v2\/tags?post=2715"}],"curies":[{"name":"wp","href":"https:\/\/api.w.org\/{rel}","templated":true}]}}