{"id":2721,"date":"2025-10-17T10:13:42","date_gmt":"2025-10-17T09:13:42","guid":{"rendered":"https:\/\/www.radiomais.ao\/?p=2721"},"modified":"2025-10-17T10:13:42","modified_gmt":"2025-10-17T09:13:42","slug":"comandante-da-urp-constituido-arguido-no-processo-da-heranca-milionaria","status":"publish","type":"post","link":"https:\/\/www.radiomais.ao\/index.php\/2025\/10\/17\/comandante-da-urp-constituido-arguido-no-processo-da-heranca-milionaria\/","title":{"rendered":"Comandante da URP constitu\u00eddo arguido no processo da heran\u00e7a milion\u00e1ria."},"content":{"rendered":"\n<p>O comandante da Unidade de Reac\u00e7\u00e3o e Patrulhamento (URP), Guilherme Samunga Tchipa \u201cPiquina\u201d, foi recentemente constitu\u00eddo arguido pelo Minist\u00e9rio P\u00fablico, acusado de tr\u00e1fico de influ\u00eancia pelo seu envolvimento na venda de bens m\u00f3veis e im\u00f3veis oriundos de uma heran\u00e7a, cuja partilha est\u00e1 actualmente em lit\u00edgio no Tribunal de Comarca do Lubango, capital da prov\u00edncia da Hu\u00edla, entre os herdeiros. Fonte <strong><em><a href=\"https:\/\/www.opais.ao\/ultimas_hora\/comandante-da-urp-constituido-arguido-no-processo-da-heranca-milionaria\/\">Opa\u00eds<\/a><\/em><\/strong><\/p>\n\n\n\n<p><\/p>\n","protected":false},"excerpt":{"rendered":"<p>O comandante da Unidade de Reac\u00e7\u00e3o e Patrulhamento (URP), Guilherme Samunga Tchipa \u201cPiquina\u201d, foi recentemente constitu\u00eddo arguido pelo Minist\u00e9rio P\u00fablico, acusado de tr\u00e1fico de influ\u00eancia pelo seu envolvimento na venda de bens m\u00f3veis e im\u00f3veis oriundos de uma heran\u00e7a, cuja partilha est\u00e1 actualmente em lit\u00edgio no Tribunal de Comarca do Lubango, capital da prov\u00edncia da [&hellip;]<\/p>\n","protected":false},"author":3,"featured_media":2722,"comment_status":"open","ping_status":"open","sticky":false,"template":"","format":"standard","meta":{"footnotes":""},"categories":[16],"tags":[977,976,978],"class_list":["post-2721","post","type-post","status-publish","format-standard","has-post-thumbnail","hentry","category-actualidade","tag-arguido","tag-comandante-da-urp","tag-heranca-milinaria"],"blocksy_meta":[],"_links":{"self":[{"href":"https:\/\/www.radiomais.ao\/index.php\/wp-json\/wp\/v2\/posts\/2721","targetHints":{"allow":["GET"]}}],"collection":[{"href":"https:\/\/www.radiomais.ao\/index.php\/wp-json\/wp\/v2\/posts"}],"about":[{"href":"https:\/\/www.radiomais.ao\/index.php\/wp-json\/wp\/v2\/types\/post"}],"author":[{"embeddable":true,"href":"https:\/\/www.radiomais.ao\/index.php\/wp-json\/wp\/v2\/users\/3"}],"replies":[{"embeddable":true,"href":"https:\/\/www.radiomais.ao\/index.php\/wp-json\/wp\/v2\/comments?post=2721"}],"version-history":[{"count":1,"href":"https:\/\/www.radiomais.ao\/index.php\/wp-json\/wp\/v2\/posts\/2721\/revisions"}],"predecessor-version":[{"id":2723,"href":"https:\/\/www.radiomais.ao\/index.php\/wp-json\/wp\/v2\/posts\/2721\/revisions\/2723"}],"wp:featuredmedia":[{"embeddable":true,"href":"https:\/\/www.radiomais.ao\/index.php\/wp-json\/wp\/v2\/media\/2722"}],"wp:attachment":[{"href":"https:\/\/www.radiomais.ao\/index.php\/wp-json\/wp\/v2\/media?parent=2721"}],"wp:term":[{"taxonomy":"category","embeddable":true,"href":"https:\/\/www.radiomais.ao\/index.php\/wp-json\/wp\/v2\/categories?post=2721"},{"taxonomy":"post_tag","embeddable":true,"href":"https:\/\/www.radiomais.ao\/index.php\/wp-json\/wp\/v2\/tags?post=2721"}],"curies":[{"name":"wp","href":"https:\/\/api.w.org\/{rel}","templated":true}]}}