{"id":2724,"date":"2025-10-17T12:17:12","date_gmt":"2025-10-17T11:17:12","guid":{"rendered":"https:\/\/www.radiomais.ao\/?p=2724"},"modified":"2025-10-17T12:17:12","modified_gmt":"2025-10-17T11:17:12","slug":"detido-agente-das-faa-acusado-de-arremessar-granada-que-feriu-26-pessoas-em-cacuaco","status":"publish","type":"post","link":"https:\/\/www.radiomais.ao\/index.php\/2025\/10\/17\/detido-agente-das-faa-acusado-de-arremessar-granada-que-feriu-26-pessoas-em-cacuaco\/","title":{"rendered":"Detido agente das FAA acusado de arremessar granada que feriu 26 pessoas em Cacuaco."},"content":{"rendered":"\n<p>O Servi\u00e7o de Investiga\u00e7\u00e3o Criminal anunciou, esta quinta-feira, que se encontra detido e a responder processo-crime, junto da Pol\u00edcia Judici\u00e1ria Militar, o cidad\u00e3o Sonjamba Correia Joaquim, 2\u00ba cabo das For\u00e7as Armadas Angolanas (FAA), suspeito de ter sido o autor do arremesso da granada que vitimou 26 cidad\u00e3os, na noite de domingo, 13 de outubro, no bairro Eco Campo, munic\u00edpio de Cacuaco, em Luanda.<\/p>\n","protected":false},"excerpt":{"rendered":"<p>O Servi\u00e7o de Investiga\u00e7\u00e3o Criminal anunciou, esta quinta-feira, que se encontra detido e a responder processo-crime, junto da Pol\u00edcia Judici\u00e1ria Militar, o cidad\u00e3o Sonjamba Correia Joaquim, 2\u00ba cabo das For\u00e7as Armadas Angolanas (FAA), suspeito de ter sido o autor do arremesso da granada que vitimou 26 cidad\u00e3os, na noite de domingo, 13 de outubro, no [&hellip;]<\/p>\n","protected":false},"author":3,"featured_media":2725,"comment_status":"open","ping_status":"open","sticky":false,"template":"","format":"standard","meta":{"footnotes":""},"categories":[16],"tags":[979,517,980],"class_list":["post-2724","post","type-post","status-publish","format-standard","has-post-thumbnail","hentry","category-actualidade","tag-agente-das-faa","tag-cacuaco","tag-granad"],"blocksy_meta":[],"_links":{"self":[{"href":"https:\/\/www.radiomais.ao\/index.php\/wp-json\/wp\/v2\/posts\/2724","targetHints":{"allow":["GET"]}}],"collection":[{"href":"https:\/\/www.radiomais.ao\/index.php\/wp-json\/wp\/v2\/posts"}],"about":[{"href":"https:\/\/www.radiomais.ao\/index.php\/wp-json\/wp\/v2\/types\/post"}],"author":[{"embeddable":true,"href":"https:\/\/www.radiomais.ao\/index.php\/wp-json\/wp\/v2\/users\/3"}],"replies":[{"embeddable":true,"href":"https:\/\/www.radiomais.ao\/index.php\/wp-json\/wp\/v2\/comments?post=2724"}],"version-history":[{"count":1,"href":"https:\/\/www.radiomais.ao\/index.php\/wp-json\/wp\/v2\/posts\/2724\/revisions"}],"predecessor-version":[{"id":2726,"href":"https:\/\/www.radiomais.ao\/index.php\/wp-json\/wp\/v2\/posts\/2724\/revisions\/2726"}],"wp:featuredmedia":[{"embeddable":true,"href":"https:\/\/www.radiomais.ao\/index.php\/wp-json\/wp\/v2\/media\/2725"}],"wp:attachment":[{"href":"https:\/\/www.radiomais.ao\/index.php\/wp-json\/wp\/v2\/media?parent=2724"}],"wp:term":[{"taxonomy":"category","embeddable":true,"href":"https:\/\/www.radiomais.ao\/index.php\/wp-json\/wp\/v2\/categories?post=2724"},{"taxonomy":"post_tag","embeddable":true,"href":"https:\/\/www.radiomais.ao\/index.php\/wp-json\/wp\/v2\/tags?post=2724"}],"curies":[{"name":"wp","href":"https:\/\/api.w.org\/{rel}","templated":true}]}}