{"id":2727,"date":"2025-10-17T12:43:47","date_gmt":"2025-10-17T11:43:47","guid":{"rendered":"https:\/\/www.radiomais.ao\/?p=2727"},"modified":"2025-10-17T12:43:47","modified_gmt":"2025-10-17T11:43:47","slug":"festival-musical-kimbuelela-no-cuanza-sul-homenageia-familia-ferrao","status":"publish","type":"post","link":"https:\/\/www.radiomais.ao\/index.php\/2025\/10\/17\/festival-musical-kimbuelela-no-cuanza-sul-homenageia-familia-ferrao\/","title":{"rendered":"Festival musical Kimbuelela no Cuanza-Sul homenageia \u201cFam\u00edlia Ferr\u00e3o."},"content":{"rendered":"\n<p><strong>A segunda edi\u00e7\u00e3o do evento \u201cSons do Cuanza-Sul \u2013 Festival de M\u00fasica Tradicional Kimbuelela\u201d acontece neste s\u00e1bado, dia 18, a partir das 16 horas, no P\u00e1tio da R\u00e1dio Cuanza-Sul, com o objectivo de homenagear a fam\u00edlia do cantor Lito Ferr\u00e3o, reconhecida pelo seu percurso e pela valoriza\u00e7\u00e3o dos sons tradicionais da regi\u00e3o<\/strong>. Fonte <strong><em><a href=\"https:\/\/www.opais.ao\/cultura\/festival-musical-kimbuelela-no-cuanza-sul-homenageia-familia-ferrao\/\">Opa\u00eds<\/a><\/em><\/strong><\/p>\n","protected":false},"excerpt":{"rendered":"<p>A segunda edi\u00e7\u00e3o do evento \u201cSons do Cuanza-Sul \u2013 Festival de M\u00fasica Tradicional Kimbuelela\u201d acontece neste s\u00e1bado, dia 18, a partir das 16 horas, no P\u00e1tio da R\u00e1dio Cuanza-Sul, com o objectivo de homenagear a fam\u00edlia do cantor Lito Ferr\u00e3o, reconhecida pelo seu percurso e pela valoriza\u00e7\u00e3o dos sons tradicionais da regi\u00e3o. Fonte Opa\u00eds<\/p>\n","protected":false},"author":3,"featured_media":2728,"comment_status":"open","ping_status":"open","sticky":false,"template":"","format":"standard","meta":{"footnotes":""},"categories":[16],"tags":[982,983,981],"class_list":["post-2727","post","type-post","status-publish","format-standard","has-post-thumbnail","hentry","category-actualidade","tag-cuanza-sul","tag-familiaferrao","tag-festival-kimbuelela"],"blocksy_meta":[],"_links":{"self":[{"href":"https:\/\/www.radiomais.ao\/index.php\/wp-json\/wp\/v2\/posts\/2727","targetHints":{"allow":["GET"]}}],"collection":[{"href":"https:\/\/www.radiomais.ao\/index.php\/wp-json\/wp\/v2\/posts"}],"about":[{"href":"https:\/\/www.radiomais.ao\/index.php\/wp-json\/wp\/v2\/types\/post"}],"author":[{"embeddable":true,"href":"https:\/\/www.radiomais.ao\/index.php\/wp-json\/wp\/v2\/users\/3"}],"replies":[{"embeddable":true,"href":"https:\/\/www.radiomais.ao\/index.php\/wp-json\/wp\/v2\/comments?post=2727"}],"version-history":[{"count":1,"href":"https:\/\/www.radiomais.ao\/index.php\/wp-json\/wp\/v2\/posts\/2727\/revisions"}],"predecessor-version":[{"id":2729,"href":"https:\/\/www.radiomais.ao\/index.php\/wp-json\/wp\/v2\/posts\/2727\/revisions\/2729"}],"wp:featuredmedia":[{"embeddable":true,"href":"https:\/\/www.radiomais.ao\/index.php\/wp-json\/wp\/v2\/media\/2728"}],"wp:attachment":[{"href":"https:\/\/www.radiomais.ao\/index.php\/wp-json\/wp\/v2\/media?parent=2727"}],"wp:term":[{"taxonomy":"category","embeddable":true,"href":"https:\/\/www.radiomais.ao\/index.php\/wp-json\/wp\/v2\/categories?post=2727"},{"taxonomy":"post_tag","embeddable":true,"href":"https:\/\/www.radiomais.ao\/index.php\/wp-json\/wp\/v2\/tags?post=2727"}],"curies":[{"name":"wp","href":"https:\/\/api.w.org\/{rel}","templated":true}]}}