{"id":2730,"date":"2025-10-17T12:57:03","date_gmt":"2025-10-17T11:57:03","guid":{"rendered":"https:\/\/www.radiomais.ao\/?p=2730"},"modified":"2025-10-17T12:57:03","modified_gmt":"2025-10-17T11:57:03","slug":"pavilhao-principal-da-cidadela-acolhe-africanos-de-hoquei-em-patins","status":"publish","type":"post","link":"https:\/\/www.radiomais.ao\/index.php\/2025\/10\/17\/pavilhao-principal-da-cidadela-acolhe-africanos-de-hoquei-em-patins\/","title":{"rendered":"Pavilh\u00e3o Principal da Cidadela acolhe africanos de h\u00f3quei em patins."},"content":{"rendered":"\n<p>O campeonatos africanos de H\u00f3quei em Patins nas categorias de seniores e Sub-19, ambos em masculinos, ser\u00e3o disputados no Pavilh\u00e3o Principal da Cidadela, em Luanda, ao inv\u00e9s do multi\u00fasos do Kilamba, como inicialmente previsto. Fonte <strong><em><a href=\"https:\/\/www.opais.ao\/desporto\/pavilhao-principal-da-cidadela-acolhe-africanos-de-hoquei-em-patins\/\">Opa\u00eds<\/a><\/em><\/strong><\/p>\n","protected":false},"excerpt":{"rendered":"<p>O campeonatos africanos de H\u00f3quei em Patins nas categorias de seniores e Sub-19, ambos em masculinos, ser\u00e3o disputados no Pavilh\u00e3o Principal da Cidadela, em Luanda, ao inv\u00e9s do multi\u00fasos do Kilamba, como inicialmente previsto. Fonte Opa\u00eds<\/p>\n","protected":false},"author":3,"featured_media":2731,"comment_status":"open","ping_status":"open","sticky":false,"template":"","format":"standard","meta":{"footnotes":""},"categories":[16],"tags":[985,984],"class_list":["post-2730","post","type-post","status-publish","format-standard","has-post-thumbnail","hentry","category-actualidade","tag-hoquei-em-patins","tag-pavilhao-da-cidadela"],"blocksy_meta":[],"_links":{"self":[{"href":"https:\/\/www.radiomais.ao\/index.php\/wp-json\/wp\/v2\/posts\/2730","targetHints":{"allow":["GET"]}}],"collection":[{"href":"https:\/\/www.radiomais.ao\/index.php\/wp-json\/wp\/v2\/posts"}],"about":[{"href":"https:\/\/www.radiomais.ao\/index.php\/wp-json\/wp\/v2\/types\/post"}],"author":[{"embeddable":true,"href":"https:\/\/www.radiomais.ao\/index.php\/wp-json\/wp\/v2\/users\/3"}],"replies":[{"embeddable":true,"href":"https:\/\/www.radiomais.ao\/index.php\/wp-json\/wp\/v2\/comments?post=2730"}],"version-history":[{"count":1,"href":"https:\/\/www.radiomais.ao\/index.php\/wp-json\/wp\/v2\/posts\/2730\/revisions"}],"predecessor-version":[{"id":2732,"href":"https:\/\/www.radiomais.ao\/index.php\/wp-json\/wp\/v2\/posts\/2730\/revisions\/2732"}],"wp:featuredmedia":[{"embeddable":true,"href":"https:\/\/www.radiomais.ao\/index.php\/wp-json\/wp\/v2\/media\/2731"}],"wp:attachment":[{"href":"https:\/\/www.radiomais.ao\/index.php\/wp-json\/wp\/v2\/media?parent=2730"}],"wp:term":[{"taxonomy":"category","embeddable":true,"href":"https:\/\/www.radiomais.ao\/index.php\/wp-json\/wp\/v2\/categories?post=2730"},{"taxonomy":"post_tag","embeddable":true,"href":"https:\/\/www.radiomais.ao\/index.php\/wp-json\/wp\/v2\/tags?post=2730"}],"curies":[{"name":"wp","href":"https:\/\/api.w.org\/{rel}","templated":true}]}}