{"id":2733,"date":"2025-10-17T13:14:45","date_gmt":"2025-10-17T12:14:45","guid":{"rendered":"https:\/\/www.radiomais.ao\/?p=2733"},"modified":"2025-10-17T13:14:45","modified_gmt":"2025-10-17T12:14:45","slug":"miguel-lutonda-estreia-se-no-unitel-basket-como-treinador-principal-do-1-o-de-agosto-b","status":"publish","type":"post","link":"https:\/\/www.radiomais.ao\/index.php\/2025\/10\/17\/miguel-lutonda-estreia-se-no-unitel-basket-como-treinador-principal-do-1-o-de-agosto-b\/","title":{"rendered":"Miguel Lutonda estreia-se no Unitel Basket como treinador principal do 1.\u00ba de Agosto B."},"content":{"rendered":"\n<p>O antigo base da Selec\u00e7\u00e3o Nacional, Miguel Lutonda, estreia-se, dia 7 de Novembro, como t\u00e9cnico principal no Campeonato Nacional de basquetebol s\u00e9nior masculino, ao servi\u00e7o do 1.\u00b0 de Agosto B. Fonte <strong><em><a href=\"https:\/\/www.opais.ao\/desporto\/miguel-lutonda-estreia-se-no-unitel-basket-como-treinador-principal-do-1-o-de-agosto-b\/\">Opa\u00eds<\/a><\/em><\/strong><\/p>\n","protected":false},"excerpt":{"rendered":"<p>O antigo base da Selec\u00e7\u00e3o Nacional, Miguel Lutonda, estreia-se, dia 7 de Novembro, como t\u00e9cnico principal no Campeonato Nacional de basquetebol s\u00e9nior masculino, ao servi\u00e7o do 1.\u00b0 de Agosto B. Fonte Opa\u00eds<\/p>\n","protected":false},"author":3,"featured_media":2734,"comment_status":"open","ping_status":"open","sticky":false,"template":"","format":"standard","meta":{"footnotes":""},"categories":[16],"tags":[986,987],"class_list":["post-2733","post","type-post","status-publish","format-standard","has-post-thumbnail","hentry","category-actualidade","tag-miguel-lutonda","tag-unitel-basket"],"blocksy_meta":[],"_links":{"self":[{"href":"https:\/\/www.radiomais.ao\/index.php\/wp-json\/wp\/v2\/posts\/2733","targetHints":{"allow":["GET"]}}],"collection":[{"href":"https:\/\/www.radiomais.ao\/index.php\/wp-json\/wp\/v2\/posts"}],"about":[{"href":"https:\/\/www.radiomais.ao\/index.php\/wp-json\/wp\/v2\/types\/post"}],"author":[{"embeddable":true,"href":"https:\/\/www.radiomais.ao\/index.php\/wp-json\/wp\/v2\/users\/3"}],"replies":[{"embeddable":true,"href":"https:\/\/www.radiomais.ao\/index.php\/wp-json\/wp\/v2\/comments?post=2733"}],"version-history":[{"count":1,"href":"https:\/\/www.radiomais.ao\/index.php\/wp-json\/wp\/v2\/posts\/2733\/revisions"}],"predecessor-version":[{"id":2735,"href":"https:\/\/www.radiomais.ao\/index.php\/wp-json\/wp\/v2\/posts\/2733\/revisions\/2735"}],"wp:featuredmedia":[{"embeddable":true,"href":"https:\/\/www.radiomais.ao\/index.php\/wp-json\/wp\/v2\/media\/2734"}],"wp:attachment":[{"href":"https:\/\/www.radiomais.ao\/index.php\/wp-json\/wp\/v2\/media?parent=2733"}],"wp:term":[{"taxonomy":"category","embeddable":true,"href":"https:\/\/www.radiomais.ao\/index.php\/wp-json\/wp\/v2\/categories?post=2733"},{"taxonomy":"post_tag","embeddable":true,"href":"https:\/\/www.radiomais.ao\/index.php\/wp-json\/wp\/v2\/tags?post=2733"}],"curies":[{"name":"wp","href":"https:\/\/api.w.org\/{rel}","templated":true}]}}