{"id":2739,"date":"2025-10-21T11:42:29","date_gmt":"2025-10-21T10:42:29","guid":{"rendered":"https:\/\/www.radiomais.ao\/?p=2739"},"modified":"2025-10-21T11:42:29","modified_gmt":"2025-10-21T10:42:29","slug":"presidente-da-republica-acredita-novos-embaixadores-em-angola","status":"publish","type":"post","link":"https:\/\/www.radiomais.ao\/index.php\/2025\/10\/21\/presidente-da-republica-acredita-novos-embaixadores-em-angola\/","title":{"rendered":"Presidente da Rep\u00fablica acredita novos embaixadores em Angola."},"content":{"rendered":"\n<p><strong>Os novos embaixadores consideram Angola um pa\u00eds de muitas oportunidades para desenvolver projectos em diferentes sectores e impulsionar a coopera\u00e7\u00e3o bilateral<\/strong>. <strong><em><a href=\"https:\/\/www.opais.ao\/politica\/presidente-da-republica-acredita-novos-embaixadores-em-angola\/\">Fonte Opa\u00eds<\/a><\/em><\/strong><\/p>\n","protected":false},"excerpt":{"rendered":"<p>Os novos embaixadores consideram Angola um pa\u00eds de muitas oportunidades para desenvolver projectos em diferentes sectores e impulsionar a coopera\u00e7\u00e3o bilateral. Fonte Opa\u00eds<\/p>\n","protected":false},"author":3,"featured_media":2740,"comment_status":"open","ping_status":"open","sticky":false,"template":"","format":"standard","meta":{"footnotes":""},"categories":[16],"tags":[991,990,132],"class_list":["post-2739","post","type-post","status-publish","format-standard","has-post-thumbnail","hentry","category-actualidade","tag-embaixadores","tag-novos","tag-pr"],"blocksy_meta":[],"_links":{"self":[{"href":"https:\/\/www.radiomais.ao\/index.php\/wp-json\/wp\/v2\/posts\/2739","targetHints":{"allow":["GET"]}}],"collection":[{"href":"https:\/\/www.radiomais.ao\/index.php\/wp-json\/wp\/v2\/posts"}],"about":[{"href":"https:\/\/www.radiomais.ao\/index.php\/wp-json\/wp\/v2\/types\/post"}],"author":[{"embeddable":true,"href":"https:\/\/www.radiomais.ao\/index.php\/wp-json\/wp\/v2\/users\/3"}],"replies":[{"embeddable":true,"href":"https:\/\/www.radiomais.ao\/index.php\/wp-json\/wp\/v2\/comments?post=2739"}],"version-history":[{"count":1,"href":"https:\/\/www.radiomais.ao\/index.php\/wp-json\/wp\/v2\/posts\/2739\/revisions"}],"predecessor-version":[{"id":2741,"href":"https:\/\/www.radiomais.ao\/index.php\/wp-json\/wp\/v2\/posts\/2739\/revisions\/2741"}],"wp:featuredmedia":[{"embeddable":true,"href":"https:\/\/www.radiomais.ao\/index.php\/wp-json\/wp\/v2\/media\/2740"}],"wp:attachment":[{"href":"https:\/\/www.radiomais.ao\/index.php\/wp-json\/wp\/v2\/media?parent=2739"}],"wp:term":[{"taxonomy":"category","embeddable":true,"href":"https:\/\/www.radiomais.ao\/index.php\/wp-json\/wp\/v2\/categories?post=2739"},{"taxonomy":"post_tag","embeddable":true,"href":"https:\/\/www.radiomais.ao\/index.php\/wp-json\/wp\/v2\/tags?post=2739"}],"curies":[{"name":"wp","href":"https:\/\/api.w.org\/{rel}","templated":true}]}}