{"id":2742,"date":"2025-10-21T11:50:55","date_gmt":"2025-10-21T10:50:55","guid":{"rendered":"https:\/\/www.radiomais.ao\/?p=2742"},"modified":"2025-10-21T11:50:55","modified_gmt":"2025-10-21T10:50:55","slug":"deputados-defendem-direito-a-educacao-para-as-meninas-africanas","status":"publish","type":"post","link":"https:\/\/www.radiomais.ao\/index.php\/2025\/10\/21\/deputados-defendem-direito-a-educacao-para-as-meninas-africanas\/","title":{"rendered":"Deputados defendem direito \u00e0 educa\u00e7\u00e3o para as meninas africanas."},"content":{"rendered":"\n<p><strong>Com o objectivo de promover a igualdade de g\u00e9nero, a capacita\u00e7\u00e3o e o acesso \u00e0 educa\u00e7\u00e3o das jovens mulheres em todo o continente, membros do Parlamento Pan-Africano participam at\u00e9 hoje, 21, na campanha #AfricaEducatesHer, que decorre em Dakar, no Senegal, a convite do Centro Internacional da Uni\u00e3o Africana para a Educa\u00e7\u00e3o de Meninas e Mulheres em \u00c1frica (CIEFFA)<\/strong> Fonte <strong><em><a href=\"https:\/\/www.opais.ao\/politica\/deputados-defendem-direito-a-educacao-para-as-meninas-africanas\/\">Opa\u00eds<\/a><\/em><\/strong><\/p>\n","protected":false},"excerpt":{"rendered":"<p>Com o objectivo de promover a igualdade de g\u00e9nero, a capacita\u00e7\u00e3o e o acesso \u00e0 educa\u00e7\u00e3o das jovens mulheres em todo o continente, membros do Parlamento Pan-Africano participam at\u00e9 hoje, 21, na campanha #AfricaEducatesHer, que decorre em Dakar, no Senegal, a convite do Centro Internacional da Uni\u00e3o Africana para a Educa\u00e7\u00e3o de Meninas e Mulheres [&hellip;]<\/p>\n","protected":false},"author":3,"featured_media":2743,"comment_status":"open","ping_status":"open","sticky":false,"template":"","format":"standard","meta":{"footnotes":""},"categories":[16],"tags":[994,992,993],"class_list":["post-2742","post","type-post","status-publish","format-standard","has-post-thumbnail","hentry","category-actualidade","tag-africanas","tag-deputados","tag-educacao-menias"],"blocksy_meta":[],"_links":{"self":[{"href":"https:\/\/www.radiomais.ao\/index.php\/wp-json\/wp\/v2\/posts\/2742","targetHints":{"allow":["GET"]}}],"collection":[{"href":"https:\/\/www.radiomais.ao\/index.php\/wp-json\/wp\/v2\/posts"}],"about":[{"href":"https:\/\/www.radiomais.ao\/index.php\/wp-json\/wp\/v2\/types\/post"}],"author":[{"embeddable":true,"href":"https:\/\/www.radiomais.ao\/index.php\/wp-json\/wp\/v2\/users\/3"}],"replies":[{"embeddable":true,"href":"https:\/\/www.radiomais.ao\/index.php\/wp-json\/wp\/v2\/comments?post=2742"}],"version-history":[{"count":1,"href":"https:\/\/www.radiomais.ao\/index.php\/wp-json\/wp\/v2\/posts\/2742\/revisions"}],"predecessor-version":[{"id":2744,"href":"https:\/\/www.radiomais.ao\/index.php\/wp-json\/wp\/v2\/posts\/2742\/revisions\/2744"}],"wp:featuredmedia":[{"embeddable":true,"href":"https:\/\/www.radiomais.ao\/index.php\/wp-json\/wp\/v2\/media\/2743"}],"wp:attachment":[{"href":"https:\/\/www.radiomais.ao\/index.php\/wp-json\/wp\/v2\/media?parent=2742"}],"wp:term":[{"taxonomy":"category","embeddable":true,"href":"https:\/\/www.radiomais.ao\/index.php\/wp-json\/wp\/v2\/categories?post=2742"},{"taxonomy":"post_tag","embeddable":true,"href":"https:\/\/www.radiomais.ao\/index.php\/wp-json\/wp\/v2\/tags?post=2742"}],"curies":[{"name":"wp","href":"https:\/\/api.w.org\/{rel}","templated":true}]}}