{"id":2745,"date":"2025-10-21T12:01:11","date_gmt":"2025-10-21T11:01:11","guid":{"rendered":"https:\/\/www.radiomais.ao\/?p=2745"},"modified":"2025-10-21T12:01:11","modified_gmt":"2025-10-21T11:01:11","slug":"executivo-da-luz-verde-a-construcao-da-centralidade-de-mbanza-kongo","status":"publish","type":"post","link":"https:\/\/www.radiomais.ao\/index.php\/2025\/10\/21\/executivo-da-luz-verde-a-construcao-da-centralidade-de-mbanza-kongo\/","title":{"rendered":"Executivo d\u00e1 luz verde \u00e0 constru\u00e7\u00e3o da Centralidade de Mbanza Kongo."},"content":{"rendered":"\n<p>O Executivo angolano deu luz verde \u00e0 constru\u00e7\u00e3o de uma nova centralidade de 1.500 habita\u00e7\u00f5es em Mbanza Kongo, prov\u00edncia do Zaire, e \u00e0 implementa\u00e7\u00e3o de projectos vitais de refor\u00e7o das redes de distribui\u00e7\u00e3o de \u00e1gua em Luanda e de eletrifica\u00e7\u00e3o em quatro munic\u00edpios do interior. Fonte Opa\u00eds<\/p>\n","protected":false},"excerpt":{"rendered":"<p>O Executivo angolano deu luz verde \u00e0 constru\u00e7\u00e3o de uma nova centralidade de 1.500 habita\u00e7\u00f5es em Mbanza Kongo, prov\u00edncia do Zaire, e \u00e0 implementa\u00e7\u00e3o de projectos vitais de refor\u00e7o das redes de distribui\u00e7\u00e3o de \u00e1gua em Luanda e de eletrifica\u00e7\u00e3o em quatro munic\u00edpios do interior. Fonte Opa\u00eds<\/p>\n","protected":false},"author":3,"featured_media":2746,"comment_status":"open","ping_status":"open","sticky":false,"template":"","format":"standard","meta":{"footnotes":""},"categories":[16],"tags":[995,199,996],"class_list":["post-2745","post","type-post","status-publish","format-standard","has-post-thumbnail","hentry","category-actualidade","tag-centralidades-mbanza-kongo","tag-executivo","tag-luz-verde"],"blocksy_meta":[],"_links":{"self":[{"href":"https:\/\/www.radiomais.ao\/index.php\/wp-json\/wp\/v2\/posts\/2745","targetHints":{"allow":["GET"]}}],"collection":[{"href":"https:\/\/www.radiomais.ao\/index.php\/wp-json\/wp\/v2\/posts"}],"about":[{"href":"https:\/\/www.radiomais.ao\/index.php\/wp-json\/wp\/v2\/types\/post"}],"author":[{"embeddable":true,"href":"https:\/\/www.radiomais.ao\/index.php\/wp-json\/wp\/v2\/users\/3"}],"replies":[{"embeddable":true,"href":"https:\/\/www.radiomais.ao\/index.php\/wp-json\/wp\/v2\/comments?post=2745"}],"version-history":[{"count":1,"href":"https:\/\/www.radiomais.ao\/index.php\/wp-json\/wp\/v2\/posts\/2745\/revisions"}],"predecessor-version":[{"id":2747,"href":"https:\/\/www.radiomais.ao\/index.php\/wp-json\/wp\/v2\/posts\/2745\/revisions\/2747"}],"wp:featuredmedia":[{"embeddable":true,"href":"https:\/\/www.radiomais.ao\/index.php\/wp-json\/wp\/v2\/media\/2746"}],"wp:attachment":[{"href":"https:\/\/www.radiomais.ao\/index.php\/wp-json\/wp\/v2\/media?parent=2745"}],"wp:term":[{"taxonomy":"category","embeddable":true,"href":"https:\/\/www.radiomais.ao\/index.php\/wp-json\/wp\/v2\/categories?post=2745"},{"taxonomy":"post_tag","embeddable":true,"href":"https:\/\/www.radiomais.ao\/index.php\/wp-json\/wp\/v2\/tags?post=2745"}],"curies":[{"name":"wp","href":"https:\/\/api.w.org\/{rel}","templated":true}]}}